{"id":51171,"date":"2026-09-02T22:08:57","date_gmt":"2026-09-03T01:08:57","guid":{"rendered":"http:\/\/fmdelpueblo.ar\/?p=51171"},"modified":"2026-09-02T22:08:57","modified_gmt":"2026-09-03T01:08:57","slug":"entre-rios-dejara-de-pagar-pensiones-vitalicias-para-gobernadores-y-vices","status":"publish","type":"post","link":"http:\/\/fmdelpueblo.ar\/?p=51171","title":{"rendered":"Entre R\u00edos dejar\u00e1 de pagar pensiones vitalicias para gobernadores y vices"},"content":{"rendered":"<p>La C\u00e1mara de Diputados provincial derog\u00f3 una Ley de 1.965 que otorgaba una pensi\u00f3n equivalente al 75% de sus sueldos a los funcionarios que ocupaban esos cargos una vez que cumpl\u00edan su mandato.La iniciativa hab\u00eda sido presentada por Frigerio al inicio de su gesti\u00f3n.<\/p>","protected":false},"excerpt":{"rendered":"<p>La C\u00e1mara de Diputados provincial derog\u00f3 una Ley de 1.965 que otorgaba una pensi\u00f3n equivalente al 75% de sus sueldos a los funcionarios que ocupaban esos cargos una vez que cumpl\u00edan su mandato.La iniciativa hab\u00eda sido presentada por Frigerio al inicio de su gesti\u00f3n.<\/p>\n","protected":false},"author":0,"featured_media":0,"comment_status":"","ping_status":"","sticky":false,"template":"","format":"standard","meta":{"footnotes":""},"categories":[1],"tags":[],"class_list":["post-51171","post","type-post","status-publish","format-standard","has-post-thumbnail","hentry","category-sin-categoria"],"_links":{"self":[{"href":"http:\/\/fmdelpueblo.ar\/index.php?rest_route=\/wp\/v2\/posts\/51171","targetHints":{"allow":["GET"]}}],"collection":[{"href":"http:\/\/fmdelpueblo.ar\/index.php?rest_route=\/wp\/v2\/posts"}],"about":[{"href":"http:\/\/fmdelpueblo.ar\/index.php?rest_route=\/wp\/v2\/types\/post"}],"replies":[{"embeddable":true,"href":"http:\/\/fmdelpueblo.ar\/index.php?rest_route=%2Fwp%2Fv2%2Fcomments&post=51171"}],"version-history":[{"count":0,"href":"http:\/\/fmdelpueblo.ar\/index.php?rest_route=\/wp\/v2\/posts\/51171\/revisions"}],"wp:attachment":[{"href":"http:\/\/fmdelpueblo.ar\/index.php?rest_route=%2Fwp%2Fv2%2Fmedia&parent=51171"}],"wp:term":[{"taxonomy":"category","embeddable":true,"href":"http:\/\/fmdelpueblo.ar\/index.php?rest_route=%2Fwp%2Fv2%2Fcategories&post=51171"},{"taxonomy":"post_tag","embeddable":true,"href":"http:\/\/fmdelpueblo.ar\/index.php?rest_route=%2Fwp%2Fv2%2Ftags&post=51171"}],"curies":[{"name":"wp","href":"https:\/\/api.w.org\/{rel}","templated":true}]}}