{"id":51168,"date":"2026-09-02T22:08:55","date_gmt":"2026-09-03T01:08:55","guid":{"rendered":"http:\/\/fmdelpueblo.ar\/?p=51168"},"modified":"2026-09-02T22:08:55","modified_gmt":"2026-09-03T01:08:55","slug":"tengo-61-anos-y-acabo-de-darme-cuenta-de-que-apenas-aparezco-en-30-anos-de-fotos-familiares-siempre-fui-yo-quien-las-tomaba-y-he-estado-pensando-en-que-otras-cosas-archive-silenciosamente-de-mi-pr","status":"publish","type":"post","link":"http:\/\/fmdelpueblo.ar\/?p=51168","title":{"rendered":"\u00abTengo 61 a\u00f1os y acabo de darme cuenta de que apenas aparezco en 30 a\u00f1os de fotos familiares; siempre fui yo quien las tomaba, y he estado pensando en qu\u00e9 otras cosas archiv\u00e9 silenciosamente de mi propia familia\u00bb"},"content":{"rendered":"<p>La reflexi\u00f3n la hizo dar cuenta del precio que pag\u00f3 por querer controlar todo. C\u00f3mo repercuti\u00f3 y qu\u00e9 hizo a partir de darse cuenta que le pas\u00f3 en otros aspectos de su vida.<\/p>","protected":false},"excerpt":{"rendered":"<p>La reflexi\u00f3n la hizo dar cuenta del precio que pag\u00f3 por querer controlar todo. C\u00f3mo repercuti\u00f3 y qu\u00e9 hizo a partir de darse cuenta que le pas\u00f3 en otros aspectos de su vida.<\/p>\n","protected":false},"author":0,"featured_media":0,"comment_status":"","ping_status":"","sticky":false,"template":"","format":"standard","meta":{"footnotes":""},"categories":[1],"tags":[],"class_list":["post-51168","post","type-post","status-publish","format-standard","has-post-thumbnail","hentry","category-sin-categoria"],"_links":{"self":[{"href":"http:\/\/fmdelpueblo.ar\/index.php?rest_route=\/wp\/v2\/posts\/51168","targetHints":{"allow":["GET"]}}],"collection":[{"href":"http:\/\/fmdelpueblo.ar\/index.php?rest_route=\/wp\/v2\/posts"}],"about":[{"href":"http:\/\/fmdelpueblo.ar\/index.php?rest_route=\/wp\/v2\/types\/post"}],"replies":[{"embeddable":true,"href":"http:\/\/fmdelpueblo.ar\/index.php?rest_route=%2Fwp%2Fv2%2Fcomments&post=51168"}],"version-history":[{"count":0,"href":"http:\/\/fmdelpueblo.ar\/index.php?rest_route=\/wp\/v2\/posts\/51168\/revisions"}],"wp:attachment":[{"href":"http:\/\/fmdelpueblo.ar\/index.php?rest_route=%2Fwp%2Fv2%2Fmedia&parent=51168"}],"wp:term":[{"taxonomy":"category","embeddable":true,"href":"http:\/\/fmdelpueblo.ar\/index.php?rest_route=%2Fwp%2Fv2%2Fcategories&post=51168"},{"taxonomy":"post_tag","embeddable":true,"href":"http:\/\/fmdelpueblo.ar\/index.php?rest_route=%2Fwp%2Fv2%2Ftags&post=51168"}],"curies":[{"name":"wp","href":"https:\/\/api.w.org\/{rel}","templated":true}]}}