{"id":51154,"date":"2026-09-02T20:09:01","date_gmt":"2026-09-02T23:09:01","guid":{"rendered":"https:\/\/fmdelpueblo.ar\/?p=51154"},"modified":"2026-09-02T20:09:01","modified_gmt":"2026-09-02T23:09:01","slug":"los-delegados-de-leon-xiv-visitaron-el-cottolengo-don-orione-de-claypole-junto-a-funcionarios-de-kicillof","status":"publish","type":"post","link":"http:\/\/fmdelpueblo.ar\/?p=51154","title":{"rendered":"Los delegados de Le\u00f3n XIV visitaron el Cottolengo Don Orione de Claypole junto a funcionarios de Kicillof"},"content":{"rendered":"<p>La comitiva que prepara la visita del Sumo Pont\u00edfice supervis\u00f3 el lugar que visitar\u00e1 el Papa.En representaci\u00f3n de la Provincia estuvieron el ministro de Seguridad, Javier Alonso, y la jefa de asesores Cristina \u00c1lvarez Rodr\u00edguez.<\/p>","protected":false},"excerpt":{"rendered":"<p>La comitiva que prepara la visita del Sumo Pont\u00edfice supervis\u00f3 el lugar que visitar\u00e1 el Papa.En representaci\u00f3n de la Provincia estuvieron el ministro de Seguridad, Javier Alonso, y la jefa de asesores Cristina \u00c1lvarez Rodr\u00edguez.<\/p>\n","protected":false},"author":0,"featured_media":0,"comment_status":"","ping_status":"","sticky":false,"template":"","format":"standard","meta":{"footnotes":""},"categories":[1],"tags":[],"class_list":["post-51154","post","type-post","status-publish","format-standard","has-post-thumbnail","hentry","category-sin-categoria"],"_links":{"self":[{"href":"http:\/\/fmdelpueblo.ar\/index.php?rest_route=\/wp\/v2\/posts\/51154","targetHints":{"allow":["GET"]}}],"collection":[{"href":"http:\/\/fmdelpueblo.ar\/index.php?rest_route=\/wp\/v2\/posts"}],"about":[{"href":"http:\/\/fmdelpueblo.ar\/index.php?rest_route=\/wp\/v2\/types\/post"}],"replies":[{"embeddable":true,"href":"http:\/\/fmdelpueblo.ar\/index.php?rest_route=%2Fwp%2Fv2%2Fcomments&post=51154"}],"version-history":[{"count":0,"href":"http:\/\/fmdelpueblo.ar\/index.php?rest_route=\/wp\/v2\/posts\/51154\/revisions"}],"wp:attachment":[{"href":"http:\/\/fmdelpueblo.ar\/index.php?rest_route=%2Fwp%2Fv2%2Fmedia&parent=51154"}],"wp:term":[{"taxonomy":"category","embeddable":true,"href":"http:\/\/fmdelpueblo.ar\/index.php?rest_route=%2Fwp%2Fv2%2Fcategories&post=51154"},{"taxonomy":"post_tag","embeddable":true,"href":"http:\/\/fmdelpueblo.ar\/index.php?rest_route=%2Fwp%2Fv2%2Ftags&post=51154"}],"curies":[{"name":"wp","href":"https:\/\/api.w.org\/{rel}","templated":true}]}}