{"id":51151,"date":"2026-09-02T20:08:59","date_gmt":"2026-09-02T23:08:59","guid":{"rendered":"https:\/\/fmdelpueblo.ar\/?p=51151"},"modified":"2026-09-02T20:08:59","modified_gmt":"2026-09-02T23:08:59","slug":"tarjeta-sube-advierten-que-puede-habar-problemas-con-la-compra-y-la-acreditacion-de-las-recargas","status":"publish","type":"post","link":"http:\/\/fmdelpueblo.ar\/?p=51151","title":{"rendered":"Tarjeta SUBE: advierten que puede habar problemas con la compra y la acreditaci\u00f3n de las recargas"},"content":{"rendered":"<p>Las redes oficiales de la tarjeta informaron inconvenientes para la gesti\u00f3n de saldo.Varios usuarios ya hab\u00edan reportado problemas en las redes.<\/p>","protected":false},"excerpt":{"rendered":"<p>Las redes oficiales de la tarjeta informaron inconvenientes para la gesti\u00f3n de saldo.Varios usuarios ya hab\u00edan reportado problemas en las redes.<\/p>\n","protected":false},"author":0,"featured_media":0,"comment_status":"","ping_status":"","sticky":false,"template":"","format":"standard","meta":{"footnotes":""},"categories":[1],"tags":[],"class_list":["post-51151","post","type-post","status-publish","format-standard","has-post-thumbnail","hentry","category-sin-categoria"],"_links":{"self":[{"href":"http:\/\/fmdelpueblo.ar\/index.php?rest_route=\/wp\/v2\/posts\/51151","targetHints":{"allow":["GET"]}}],"collection":[{"href":"http:\/\/fmdelpueblo.ar\/index.php?rest_route=\/wp\/v2\/posts"}],"about":[{"href":"http:\/\/fmdelpueblo.ar\/index.php?rest_route=\/wp\/v2\/types\/post"}],"replies":[{"embeddable":true,"href":"http:\/\/fmdelpueblo.ar\/index.php?rest_route=%2Fwp%2Fv2%2Fcomments&post=51151"}],"version-history":[{"count":0,"href":"http:\/\/fmdelpueblo.ar\/index.php?rest_route=\/wp\/v2\/posts\/51151\/revisions"}],"wp:attachment":[{"href":"http:\/\/fmdelpueblo.ar\/index.php?rest_route=%2Fwp%2Fv2%2Fmedia&parent=51151"}],"wp:term":[{"taxonomy":"category","embeddable":true,"href":"http:\/\/fmdelpueblo.ar\/index.php?rest_route=%2Fwp%2Fv2%2Fcategories&post=51151"},{"taxonomy":"post_tag","embeddable":true,"href":"http:\/\/fmdelpueblo.ar\/index.php?rest_route=%2Fwp%2Fv2%2Ftags&post=51151"}],"curies":[{"name":"wp","href":"https:\/\/api.w.org\/{rel}","templated":true}]}}