{"id":51135,"date":"2026-09-02T18:08:59","date_gmt":"2026-09-02T21:08:59","guid":{"rendered":"http:\/\/fmdelpueblo.ar\/?p=51135"},"modified":"2026-09-02T18:08:59","modified_gmt":"2026-09-02T21:08:59","slug":"matias-galarza-fonda-del-predio-de-cantilo-a-jugar-con-messi-en-el-inter-miami-river-se-desprendio-de-otro-de-los-apartados","status":"publish","type":"post","link":"http:\/\/fmdelpueblo.ar\/?p=51135","title":{"rendered":"Mat\u00edas Galarza Fonda, del predio de Cantilo a jugar con Messi en el Inter Miami: River se desprendi\u00f3 de otro de los \u00abapartados\u00bb"},"content":{"rendered":"<p>El paraguayo que estaba colgado y era uno de los del \u00abcontainer\u00bb se va a la MLS.Se va cedido por un a\u00f1o y sin cargo, pero con una opci\u00f3n de compra por el 50%.Hab\u00eda estado en el radar de Estudiantes y de Olimpia, pero se inclin\u00f3 por jugar con Messi.<\/p>","protected":false},"excerpt":{"rendered":"<p>El paraguayo que estaba colgado y era uno de los del \u00abcontainer\u00bb se va a la MLS.Se va cedido por un a\u00f1o y sin cargo, pero con una opci\u00f3n de compra por el 50%.Hab\u00eda estado en el radar de Estudiantes y de Olimpia, pero se inclin\u00f3 por jugar con Messi.<\/p>\n","protected":false},"author":0,"featured_media":0,"comment_status":"","ping_status":"","sticky":false,"template":"","format":"standard","meta":{"footnotes":""},"categories":[1],"tags":[],"class_list":["post-51135","post","type-post","status-publish","format-standard","has-post-thumbnail","hentry","category-sin-categoria"],"_links":{"self":[{"href":"http:\/\/fmdelpueblo.ar\/index.php?rest_route=\/wp\/v2\/posts\/51135","targetHints":{"allow":["GET"]}}],"collection":[{"href":"http:\/\/fmdelpueblo.ar\/index.php?rest_route=\/wp\/v2\/posts"}],"about":[{"href":"http:\/\/fmdelpueblo.ar\/index.php?rest_route=\/wp\/v2\/types\/post"}],"replies":[{"embeddable":true,"href":"http:\/\/fmdelpueblo.ar\/index.php?rest_route=%2Fwp%2Fv2%2Fcomments&post=51135"}],"version-history":[{"count":0,"href":"http:\/\/fmdelpueblo.ar\/index.php?rest_route=\/wp\/v2\/posts\/51135\/revisions"}],"wp:attachment":[{"href":"http:\/\/fmdelpueblo.ar\/index.php?rest_route=%2Fwp%2Fv2%2Fmedia&parent=51135"}],"wp:term":[{"taxonomy":"category","embeddable":true,"href":"http:\/\/fmdelpueblo.ar\/index.php?rest_route=%2Fwp%2Fv2%2Fcategories&post=51135"},{"taxonomy":"post_tag","embeddable":true,"href":"http:\/\/fmdelpueblo.ar\/index.php?rest_route=%2Fwp%2Fv2%2Ftags&post=51135"}],"curies":[{"name":"wp","href":"https:\/\/api.w.org\/{rel}","templated":true}]}}