{"id":51134,"date":"2026-09-02T18:08:59","date_gmt":"2026-09-02T21:08:59","guid":{"rendered":"http:\/\/fmdelpueblo.ar\/?p=51134"},"modified":"2026-09-02T18:08:59","modified_gmt":"2026-09-02T21:08:59","slug":"eeuu-deporta-a-cuba-a-presunto-agente-de-inteligencia-infiltrado-en-comunidades-opositoras","status":"publish","type":"post","link":"http:\/\/fmdelpueblo.ar\/?p=51134","title":{"rendered":"EEUU deporta a Cuba a presunto agente de inteligencia infiltrado en comunidades opositoras"},"content":{"rendered":"<p>Un agente cubano fue deportado tras infiltrarse en grupos de exiliados en EE.UU. y Am\u00e9rica Latina desde los noventa. Vald\u00e9s, arrestado en Miami, ocult\u00f3 sus lazos con Cuba al obtener residencia legal en EE.UU., enga\u00f1ando a las autoridades.<\/p>","protected":false},"excerpt":{"rendered":"<p>Un agente cubano fue deportado tras infiltrarse en grupos de exiliados en EE.UU. y Am\u00e9rica Latina desde los noventa. Vald\u00e9s, arrestado en Miami, ocult\u00f3 sus lazos con Cuba al obtener residencia legal en EE.UU., enga\u00f1ando a las autoridades.<\/p>\n","protected":false},"author":0,"featured_media":0,"comment_status":"","ping_status":"","sticky":false,"template":"","format":"standard","meta":{"footnotes":""},"categories":[1],"tags":[],"class_list":["post-51134","post","type-post","status-publish","format-standard","has-post-thumbnail","hentry","category-sin-categoria"],"_links":{"self":[{"href":"http:\/\/fmdelpueblo.ar\/index.php?rest_route=\/wp\/v2\/posts\/51134","targetHints":{"allow":["GET"]}}],"collection":[{"href":"http:\/\/fmdelpueblo.ar\/index.php?rest_route=\/wp\/v2\/posts"}],"about":[{"href":"http:\/\/fmdelpueblo.ar\/index.php?rest_route=\/wp\/v2\/types\/post"}],"replies":[{"embeddable":true,"href":"http:\/\/fmdelpueblo.ar\/index.php?rest_route=%2Fwp%2Fv2%2Fcomments&post=51134"}],"version-history":[{"count":0,"href":"http:\/\/fmdelpueblo.ar\/index.php?rest_route=\/wp\/v2\/posts\/51134\/revisions"}],"wp:attachment":[{"href":"http:\/\/fmdelpueblo.ar\/index.php?rest_route=%2Fwp%2Fv2%2Fmedia&parent=51134"}],"wp:term":[{"taxonomy":"category","embeddable":true,"href":"http:\/\/fmdelpueblo.ar\/index.php?rest_route=%2Fwp%2Fv2%2Fcategories&post=51134"},{"taxonomy":"post_tag","embeddable":true,"href":"http:\/\/fmdelpueblo.ar\/index.php?rest_route=%2Fwp%2Fv2%2Ftags&post=51134"}],"curies":[{"name":"wp","href":"https:\/\/api.w.org\/{rel}","templated":true}]}}