{"id":51133,"date":"2026-09-02T18:08:58","date_gmt":"2026-09-02T21:08:58","guid":{"rendered":"http:\/\/fmdelpueblo.ar\/?p=51133"},"modified":"2026-09-02T18:08:58","modified_gmt":"2026-09-02T21:08:58","slug":"fondo-de-victimas-de-11-s-paga-18-560-millones-de-dolares-y-sigue-recibiendo-solicitudes","status":"publish","type":"post","link":"http:\/\/fmdelpueblo.ar\/?p=51133","title":{"rendered":"Fondo de V\u00edctimas de 11-S paga 18.560 millones de d\u00f3lares y sigue recibiendo solicitudes"},"content":{"rendered":"<p>Desde 2011, el Fondo de Compensaci\u00f3n ha desembolsado 18.560 millones en m\u00e1s de 77.000 indemnizaciones por los ataques del 11-S.El fondo sigue recibiendo 750 solicitudes al mes, con medidas estrictas para evitar fraudes, y est\u00e1 autorizado a operar hasta 2090.<\/p>","protected":false},"excerpt":{"rendered":"<p>Desde 2011, el Fondo de Compensaci\u00f3n ha desembolsado 18.560 millones en m\u00e1s de 77.000 indemnizaciones por los ataques del 11-S.El fondo sigue recibiendo 750 solicitudes al mes, con medidas estrictas para evitar fraudes, y est\u00e1 autorizado a operar hasta 2090.<\/p>\n","protected":false},"author":0,"featured_media":0,"comment_status":"","ping_status":"","sticky":false,"template":"","format":"standard","meta":{"footnotes":""},"categories":[1],"tags":[],"class_list":["post-51133","post","type-post","status-publish","format-standard","has-post-thumbnail","hentry","category-sin-categoria"],"_links":{"self":[{"href":"http:\/\/fmdelpueblo.ar\/index.php?rest_route=\/wp\/v2\/posts\/51133","targetHints":{"allow":["GET"]}}],"collection":[{"href":"http:\/\/fmdelpueblo.ar\/index.php?rest_route=\/wp\/v2\/posts"}],"about":[{"href":"http:\/\/fmdelpueblo.ar\/index.php?rest_route=\/wp\/v2\/types\/post"}],"replies":[{"embeddable":true,"href":"http:\/\/fmdelpueblo.ar\/index.php?rest_route=%2Fwp%2Fv2%2Fcomments&post=51133"}],"version-history":[{"count":0,"href":"http:\/\/fmdelpueblo.ar\/index.php?rest_route=\/wp\/v2\/posts\/51133\/revisions"}],"wp:attachment":[{"href":"http:\/\/fmdelpueblo.ar\/index.php?rest_route=%2Fwp%2Fv2%2Fmedia&parent=51133"}],"wp:term":[{"taxonomy":"category","embeddable":true,"href":"http:\/\/fmdelpueblo.ar\/index.php?rest_route=%2Fwp%2Fv2%2Fcategories&post=51133"},{"taxonomy":"post_tag","embeddable":true,"href":"http:\/\/fmdelpueblo.ar\/index.php?rest_route=%2Fwp%2Fv2%2Ftags&post=51133"}],"curies":[{"name":"wp","href":"https:\/\/api.w.org\/{rel}","templated":true}]}}