{"id":51131,"date":"2026-09-02T18:08:57","date_gmt":"2026-09-02T21:08:57","guid":{"rendered":"http:\/\/fmdelpueblo.ar\/?p=51131"},"modified":"2026-09-02T18:08:57","modified_gmt":"2026-09-02T21:08:57","slug":"mica-2026-doce-ciclos-para-recorrer-el-mapa-de-las-industrias-culturales-argentinas","status":"publish","type":"post","link":"http:\/\/fmdelpueblo.ar\/?p=51131","title":{"rendered":"MICA 2026: doce ciclos para recorrer el mapa de las industrias culturales argentinas"},"content":{"rendered":"<p>Del 2 al 20 de septiembre, la Casa Nacional del Bicentenario ser\u00e1 sede de la segunda edici\u00f3n del Mes de las Industrias Culturales Argentinas, con m\u00e1s de 70 propuestas interdisciplinarias que cruzan m\u00fasica, literatura, cine, artes esc\u00e9nicas, dise\u00f1o, tecnolog\u00eda y formaci\u00f3n.<\/p>","protected":false},"excerpt":{"rendered":"<p>Del 2 al 20 de septiembre, la Casa Nacional del Bicentenario ser\u00e1 sede de la segunda edici\u00f3n del Mes de las Industrias Culturales Argentinas, con m\u00e1s de 70 propuestas interdisciplinarias que cruzan m\u00fasica, literatura, cine, artes esc\u00e9nicas, dise\u00f1o, tecnolog\u00eda y formaci\u00f3n.<\/p>\n","protected":false},"author":0,"featured_media":0,"comment_status":"","ping_status":"","sticky":false,"template":"","format":"standard","meta":{"footnotes":""},"categories":[1],"tags":[],"class_list":["post-51131","post","type-post","status-publish","format-standard","has-post-thumbnail","hentry","category-sin-categoria"],"_links":{"self":[{"href":"http:\/\/fmdelpueblo.ar\/index.php?rest_route=\/wp\/v2\/posts\/51131","targetHints":{"allow":["GET"]}}],"collection":[{"href":"http:\/\/fmdelpueblo.ar\/index.php?rest_route=\/wp\/v2\/posts"}],"about":[{"href":"http:\/\/fmdelpueblo.ar\/index.php?rest_route=\/wp\/v2\/types\/post"}],"replies":[{"embeddable":true,"href":"http:\/\/fmdelpueblo.ar\/index.php?rest_route=%2Fwp%2Fv2%2Fcomments&post=51131"}],"version-history":[{"count":0,"href":"http:\/\/fmdelpueblo.ar\/index.php?rest_route=\/wp\/v2\/posts\/51131\/revisions"}],"wp:attachment":[{"href":"http:\/\/fmdelpueblo.ar\/index.php?rest_route=%2Fwp%2Fv2%2Fmedia&parent=51131"}],"wp:term":[{"taxonomy":"category","embeddable":true,"href":"http:\/\/fmdelpueblo.ar\/index.php?rest_route=%2Fwp%2Fv2%2Fcategories&post=51131"},{"taxonomy":"post_tag","embeddable":true,"href":"http:\/\/fmdelpueblo.ar\/index.php?rest_route=%2Fwp%2Fv2%2Ftags&post=51131"}],"curies":[{"name":"wp","href":"https:\/\/api.w.org\/{rel}","templated":true}]}}