{"id":51129,"date":"2026-09-02T18:08:55","date_gmt":"2026-09-02T21:08:55","guid":{"rendered":"http:\/\/fmdelpueblo.ar\/?p=51129"},"modified":"2026-09-02T18:08:55","modified_gmt":"2026-09-02T21:08:55","slug":"revelan-nuevos-detalles-del-ataque-a-toni-la-orca-mas-longeva-del-estrecho-de-gibraltar","status":"publish","type":"post","link":"http:\/\/fmdelpueblo.ar\/?p=51129","title":{"rendered":"Revelan nuevos detalles del ataque a To\u00f1i, la orca m\u00e1s longeva del Estrecho de Gibraltar"},"content":{"rendered":"<p>La investigaci\u00f3n por las heridas de To\u00f1i avanza con nuevos elementos. Las autoridades buscan esclarecer el ataque.<\/p>","protected":false},"excerpt":{"rendered":"<p>La investigaci\u00f3n por las heridas de To\u00f1i avanza con nuevos elementos. Las autoridades buscan esclarecer el ataque.<\/p>\n","protected":false},"author":0,"featured_media":0,"comment_status":"","ping_status":"","sticky":false,"template":"","format":"standard","meta":{"footnotes":""},"categories":[1],"tags":[],"class_list":["post-51129","post","type-post","status-publish","format-standard","has-post-thumbnail","hentry","category-sin-categoria"],"_links":{"self":[{"href":"http:\/\/fmdelpueblo.ar\/index.php?rest_route=\/wp\/v2\/posts\/51129","targetHints":{"allow":["GET"]}}],"collection":[{"href":"http:\/\/fmdelpueblo.ar\/index.php?rest_route=\/wp\/v2\/posts"}],"about":[{"href":"http:\/\/fmdelpueblo.ar\/index.php?rest_route=\/wp\/v2\/types\/post"}],"replies":[{"embeddable":true,"href":"http:\/\/fmdelpueblo.ar\/index.php?rest_route=%2Fwp%2Fv2%2Fcomments&post=51129"}],"version-history":[{"count":0,"href":"http:\/\/fmdelpueblo.ar\/index.php?rest_route=\/wp\/v2\/posts\/51129\/revisions"}],"wp:attachment":[{"href":"http:\/\/fmdelpueblo.ar\/index.php?rest_route=%2Fwp%2Fv2%2Fmedia&parent=51129"}],"wp:term":[{"taxonomy":"category","embeddable":true,"href":"http:\/\/fmdelpueblo.ar\/index.php?rest_route=%2Fwp%2Fv2%2Fcategories&post=51129"},{"taxonomy":"post_tag","embeddable":true,"href":"http:\/\/fmdelpueblo.ar\/index.php?rest_route=%2Fwp%2Fv2%2Ftags&post=51129"}],"curies":[{"name":"wp","href":"https:\/\/api.w.org\/{rel}","templated":true}]}}