{"id":51128,"date":"2026-09-02T18:08:55","date_gmt":"2026-09-02T21:08:55","guid":{"rendered":"http:\/\/fmdelpueblo.ar\/?p=51128"},"modified":"2026-09-02T18:08:55","modified_gmt":"2026-09-02T21:08:55","slug":"la-justicia-ordeno-la-libertad-a-una-mujer-presa-13-anos-el-fallo-reconocio-la-pobreza-la-violencia-y-la-vulnerabilidad","status":"publish","type":"post","link":"http:\/\/fmdelpueblo.ar\/?p=51128","title":{"rendered":"La Justicia orden\u00f3 la libertad a una mujer presa 13 a\u00f1os: el fallo reconoci\u00f3 la pobreza, la violencia y la vulnerabilidad"},"content":{"rendered":"<p>El Tribunal Superior de Justicia de C\u00f3rdoba orden\u00f3 la inmediata libertad de Paola Ver\u00f3nica Ortiz, condenada a prisi\u00f3n perpetua en 2015 por el \u00abhomicidio agravado por el v\u00ednculo\u00bb de su hija reci\u00e9n nacida.La sentencia cuestion\u00f3 la falta de perspectiva de g\u00e9nero que atraves\u00f3 el proceso judicial.<\/p>","protected":false},"excerpt":{"rendered":"<p>El Tribunal Superior de Justicia de C\u00f3rdoba orden\u00f3 la inmediata libertad de Paola Ver\u00f3nica Ortiz, condenada a prisi\u00f3n perpetua en 2015 por el \u00abhomicidio agravado por el v\u00ednculo\u00bb de su hija reci\u00e9n nacida.La sentencia cuestion\u00f3 la falta de perspectiva de g\u00e9nero que atraves\u00f3 el proceso judicial.<\/p>\n","protected":false},"author":0,"featured_media":0,"comment_status":"","ping_status":"","sticky":false,"template":"","format":"standard","meta":{"footnotes":""},"categories":[1],"tags":[],"class_list":["post-51128","post","type-post","status-publish","format-standard","has-post-thumbnail","hentry","category-sin-categoria"],"_links":{"self":[{"href":"http:\/\/fmdelpueblo.ar\/index.php?rest_route=\/wp\/v2\/posts\/51128","targetHints":{"allow":["GET"]}}],"collection":[{"href":"http:\/\/fmdelpueblo.ar\/index.php?rest_route=\/wp\/v2\/posts"}],"about":[{"href":"http:\/\/fmdelpueblo.ar\/index.php?rest_route=\/wp\/v2\/types\/post"}],"replies":[{"embeddable":true,"href":"http:\/\/fmdelpueblo.ar\/index.php?rest_route=%2Fwp%2Fv2%2Fcomments&post=51128"}],"version-history":[{"count":0,"href":"http:\/\/fmdelpueblo.ar\/index.php?rest_route=\/wp\/v2\/posts\/51128\/revisions"}],"wp:attachment":[{"href":"http:\/\/fmdelpueblo.ar\/index.php?rest_route=%2Fwp%2Fv2%2Fmedia&parent=51128"}],"wp:term":[{"taxonomy":"category","embeddable":true,"href":"http:\/\/fmdelpueblo.ar\/index.php?rest_route=%2Fwp%2Fv2%2Fcategories&post=51128"},{"taxonomy":"post_tag","embeddable":true,"href":"http:\/\/fmdelpueblo.ar\/index.php?rest_route=%2Fwp%2Fv2%2Ftags&post=51128"}],"curies":[{"name":"wp","href":"https:\/\/api.w.org\/{rel}","templated":true}]}}