{"id":51116,"date":"2026-09-02T16:08:59","date_gmt":"2026-09-02T19:08:59","guid":{"rendered":"http:\/\/fmdelpueblo.ar\/?p=51116"},"modified":"2026-09-02T16:08:59","modified_gmt":"2026-09-02T19:08:59","slug":"baja-de-la-natalidad-advierten-por-un-desequilibrio-que-exige-mayor-inversion-del-estado","status":"publish","type":"post","link":"http:\/\/fmdelpueblo.ar\/?p=51116","title":{"rendered":"Baja de la natalidad: advierten por un desequilibrio que exige mayor inversi\u00f3n del Estado"},"content":{"rendered":"<p>Argentina atraviesa una ca\u00edda hist\u00f3rica de los nacimientos: en una d\u00e9cada se redujeron casi a la mitad y la fecundidad lleg\u00f3 a 1,3 hijos por mujer. Un nuevo informe de UNICEF asegura que el desaf\u00edo no es solo demogr\u00e1fico, y que se deber\u00edan garantizar mejores condiciones de vida para la infancia y reducir las profundas brechas territoriales.<\/p>","protected":false},"excerpt":{"rendered":"<p>Argentina atraviesa una ca\u00edda hist\u00f3rica de los nacimientos: en una d\u00e9cada se redujeron casi a la mitad y la fecundidad lleg\u00f3 a 1,3 hijos por mujer. Un nuevo informe de UNICEF asegura que el desaf\u00edo no es solo demogr\u00e1fico, y que se deber\u00edan garantizar mejores condiciones de vida para la infancia y reducir las profundas [&hellip;]<\/p>\n","protected":false},"author":0,"featured_media":0,"comment_status":"","ping_status":"","sticky":false,"template":"","format":"standard","meta":{"footnotes":""},"categories":[1],"tags":[],"class_list":["post-51116","post","type-post","status-publish","format-standard","has-post-thumbnail","hentry","category-sin-categoria"],"_links":{"self":[{"href":"http:\/\/fmdelpueblo.ar\/index.php?rest_route=\/wp\/v2\/posts\/51116","targetHints":{"allow":["GET"]}}],"collection":[{"href":"http:\/\/fmdelpueblo.ar\/index.php?rest_route=\/wp\/v2\/posts"}],"about":[{"href":"http:\/\/fmdelpueblo.ar\/index.php?rest_route=\/wp\/v2\/types\/post"}],"replies":[{"embeddable":true,"href":"http:\/\/fmdelpueblo.ar\/index.php?rest_route=%2Fwp%2Fv2%2Fcomments&post=51116"}],"version-history":[{"count":0,"href":"http:\/\/fmdelpueblo.ar\/index.php?rest_route=\/wp\/v2\/posts\/51116\/revisions"}],"wp:attachment":[{"href":"http:\/\/fmdelpueblo.ar\/index.php?rest_route=%2Fwp%2Fv2%2Fmedia&parent=51116"}],"wp:term":[{"taxonomy":"category","embeddable":true,"href":"http:\/\/fmdelpueblo.ar\/index.php?rest_route=%2Fwp%2Fv2%2Fcategories&post=51116"},{"taxonomy":"post_tag","embeddable":true,"href":"http:\/\/fmdelpueblo.ar\/index.php?rest_route=%2Fwp%2Fv2%2Ftags&post=51116"}],"curies":[{"name":"wp","href":"https:\/\/api.w.org\/{rel}","templated":true}]}}