{"id":51114,"date":"2026-09-02T16:08:57","date_gmt":"2026-09-02T19:08:57","guid":{"rendered":"http:\/\/fmdelpueblo.ar\/?p=51114"},"modified":"2026-09-02T16:08:57","modified_gmt":"2026-09-02T19:08:57","slug":"telefe-presento-su-nueva-programacion-todos-los-estrenos-regresos-y-sorpresas-en-el-ultimo-cuatrimestre-del-ano","status":"publish","type":"post","link":"http:\/\/fmdelpueblo.ar\/?p=51114","title":{"rendered":"Telefe present\u00f3 su nueva programaci\u00f3n: todos los estrenos, regresos y sorpresas en el \u00faltimo cuatrimestre del a\u00f1o"},"content":{"rendered":"<p>Wanda Nara, Vero Lozano y Germ\u00e1n Martitegui aparecen entre los nombres fuertes de una nueva etapa que combina formatos conocidos, estrenos y apuestas in\u00e9ditas.Los nombres del \u00abMasterChef junior\u00bb.<\/p>","protected":false},"excerpt":{"rendered":"<p>Wanda Nara, Vero Lozano y Germ\u00e1n Martitegui aparecen entre los nombres fuertes de una nueva etapa que combina formatos conocidos, estrenos y apuestas in\u00e9ditas.Los nombres del \u00abMasterChef junior\u00bb.<\/p>\n","protected":false},"author":0,"featured_media":0,"comment_status":"","ping_status":"","sticky":false,"template":"","format":"standard","meta":{"footnotes":""},"categories":[1],"tags":[],"class_list":["post-51114","post","type-post","status-publish","format-standard","has-post-thumbnail","hentry","category-sin-categoria"],"_links":{"self":[{"href":"http:\/\/fmdelpueblo.ar\/index.php?rest_route=\/wp\/v2\/posts\/51114","targetHints":{"allow":["GET"]}}],"collection":[{"href":"http:\/\/fmdelpueblo.ar\/index.php?rest_route=\/wp\/v2\/posts"}],"about":[{"href":"http:\/\/fmdelpueblo.ar\/index.php?rest_route=\/wp\/v2\/types\/post"}],"replies":[{"embeddable":true,"href":"http:\/\/fmdelpueblo.ar\/index.php?rest_route=%2Fwp%2Fv2%2Fcomments&post=51114"}],"version-history":[{"count":0,"href":"http:\/\/fmdelpueblo.ar\/index.php?rest_route=\/wp\/v2\/posts\/51114\/revisions"}],"wp:attachment":[{"href":"http:\/\/fmdelpueblo.ar\/index.php?rest_route=%2Fwp%2Fv2%2Fmedia&parent=51114"}],"wp:term":[{"taxonomy":"category","embeddable":true,"href":"http:\/\/fmdelpueblo.ar\/index.php?rest_route=%2Fwp%2Fv2%2Fcategories&post=51114"},{"taxonomy":"post_tag","embeddable":true,"href":"http:\/\/fmdelpueblo.ar\/index.php?rest_route=%2Fwp%2Fv2%2Ftags&post=51114"}],"curies":[{"name":"wp","href":"https:\/\/api.w.org\/{rel}","templated":true}]}}