{"id":511,"date":"2021-10-30T21:10:04","date_gmt":"2021-10-30T21:10:04","guid":{"rendered":"https:\/\/fmdelpueblo.ar\/?p=511"},"modified":"2021-10-30T21:10:04","modified_gmt":"2021-10-30T21:10:04","slug":"con-optimismo-tras-reunirse-con-georgieva-alberto-fernandez-celebra-negociar-con-firmeza","status":"publish","type":"post","link":"http:\/\/fmdelpueblo.ar\/?p=511","title":{"rendered":"Con optimismo tras reunirse con Georgieva, Alberto Fern\u00e1ndez celebra \u00abnegociar con firmeza\u00bb"},"content":{"rendered":"<\/p>\n<p>El Presidente estuvo 90 minutos con la directora del FMI. Desde ambos sectores calificaron de \u00abbuena\u00bb la reuni\u00f3n. Avanza la idea de que los l\u00edderes mundiales recomienden bajar las sobretasas, algo que favorecer\u00eda a la Argentina. <a href=\"https:\/\/www.perfil.com\/noticias\/politica\/optimismo-tras-reunirse-kristalina-georgieva-alberto-fernandez-celebra-negociar-con-firmeza.phtml\">Leer m\u00e1s<\/a><\/p>\n","protected":false},"excerpt":{"rendered":"<p>El Presidente estuvo 90 minutos con la directora del FMI. Desde ambos sectores calificaron de \u00abbuena\u00bb la reuni\u00f3n. Avanza la idea de que los l\u00edderes mundiales recomienden bajar las sobretasas, algo que favorecer\u00eda a la Argentina. Leer m\u00e1s<\/p>\n","protected":false},"author":0,"featured_media":0,"comment_status":"","ping_status":"","sticky":false,"template":"","format":"standard","meta":{"footnotes":""},"categories":[1],"tags":[],"class_list":["post-511","post","type-post","status-publish","format-standard","hentry","category-sin-categoria"],"_links":{"self":[{"href":"http:\/\/fmdelpueblo.ar\/index.php?rest_route=\/wp\/v2\/posts\/511","targetHints":{"allow":["GET"]}}],"collection":[{"href":"http:\/\/fmdelpueblo.ar\/index.php?rest_route=\/wp\/v2\/posts"}],"about":[{"href":"http:\/\/fmdelpueblo.ar\/index.php?rest_route=\/wp\/v2\/types\/post"}],"replies":[{"embeddable":true,"href":"http:\/\/fmdelpueblo.ar\/index.php?rest_route=%2Fwp%2Fv2%2Fcomments&post=511"}],"version-history":[{"count":0,"href":"http:\/\/fmdelpueblo.ar\/index.php?rest_route=\/wp\/v2\/posts\/511\/revisions"}],"wp:attachment":[{"href":"http:\/\/fmdelpueblo.ar\/index.php?rest_route=%2Fwp%2Fv2%2Fmedia&parent=511"}],"wp:term":[{"taxonomy":"category","embeddable":true,"href":"http:\/\/fmdelpueblo.ar\/index.php?rest_route=%2Fwp%2Fv2%2Fcategories&post=511"},{"taxonomy":"post_tag","embeddable":true,"href":"http:\/\/fmdelpueblo.ar\/index.php?rest_route=%2Fwp%2Fv2%2Ftags&post=511"}],"curies":[{"name":"wp","href":"https:\/\/api.w.org\/{rel}","templated":true}]}}