{"id":51089,"date":"2026-09-02T13:09:06","date_gmt":"2026-09-02T16:09:06","guid":{"rendered":"http:\/\/fmdelpueblo.ar\/?p=51089"},"modified":"2026-09-02T13:09:06","modified_gmt":"2026-09-02T16:09:06","slug":"funeral-de-harald-v-la-casa-real-de-noruega-estara-mas-de-un-mes-de-luto-mientras-crecen-las-dudas-sobre-la-reina-mette-marit","status":"publish","type":"post","link":"http:\/\/fmdelpueblo.ar\/?p=51089","title":{"rendered":"Funeral de Harald V: la Casa Real de Noruega estar\u00e1 m\u00e1s de un mes de luto, mientras crecen las dudas sobre la reina Mette-Marit"},"content":{"rendered":"<p>El luto real se extender\u00e1 hasta el 9 de octubre, cuando se cumpla un mes del funeral previsto para el pr\u00f3ximos mi\u00e9rcoles.Una encuesta arroj\u00f3 que casi 4 de cada 10 noruegos cree que la nueva monarca no est\u00e1 en condiciones de cumplir su rol.<\/p>","protected":false},"excerpt":{"rendered":"<p>El luto real se extender\u00e1 hasta el 9 de octubre, cuando se cumpla un mes del funeral previsto para el pr\u00f3ximos mi\u00e9rcoles.Una encuesta arroj\u00f3 que casi 4 de cada 10 noruegos cree que la nueva monarca no est\u00e1 en condiciones de cumplir su rol.<\/p>\n","protected":false},"author":0,"featured_media":0,"comment_status":"","ping_status":"","sticky":false,"template":"","format":"standard","meta":{"footnotes":""},"categories":[1],"tags":[],"class_list":["post-51089","post","type-post","status-publish","format-standard","has-post-thumbnail","hentry","category-sin-categoria"],"_links":{"self":[{"href":"http:\/\/fmdelpueblo.ar\/index.php?rest_route=\/wp\/v2\/posts\/51089","targetHints":{"allow":["GET"]}}],"collection":[{"href":"http:\/\/fmdelpueblo.ar\/index.php?rest_route=\/wp\/v2\/posts"}],"about":[{"href":"http:\/\/fmdelpueblo.ar\/index.php?rest_route=\/wp\/v2\/types\/post"}],"replies":[{"embeddable":true,"href":"http:\/\/fmdelpueblo.ar\/index.php?rest_route=%2Fwp%2Fv2%2Fcomments&post=51089"}],"version-history":[{"count":0,"href":"http:\/\/fmdelpueblo.ar\/index.php?rest_route=\/wp\/v2\/posts\/51089\/revisions"}],"wp:attachment":[{"href":"http:\/\/fmdelpueblo.ar\/index.php?rest_route=%2Fwp%2Fv2%2Fmedia&parent=51089"}],"wp:term":[{"taxonomy":"category","embeddable":true,"href":"http:\/\/fmdelpueblo.ar\/index.php?rest_route=%2Fwp%2Fv2%2Fcategories&post=51089"},{"taxonomy":"post_tag","embeddable":true,"href":"http:\/\/fmdelpueblo.ar\/index.php?rest_route=%2Fwp%2Fv2%2Ftags&post=51089"}],"curies":[{"name":"wp","href":"https:\/\/api.w.org\/{rel}","templated":true}]}}