{"id":51087,"date":"2026-09-02T13:09:05","date_gmt":"2026-09-02T16:09:05","guid":{"rendered":"http:\/\/fmdelpueblo.ar\/?p=51087"},"modified":"2026-09-02T13:09:05","modified_gmt":"2026-09-02T16:09:05","slug":"masterchef-celebrity-ya-tiene-nuevo-jurado-quien-reemplazara-a-donato-de-santis","status":"publish","type":"post","link":"http:\/\/fmdelpueblo.ar\/?p=51087","title":{"rendered":"MasterChef Celebrity ya tiene nuevo jurado: qui\u00e9n reemplazar\u00e1 a Donato De Santis"},"content":{"rendered":"<p>Se confirm\u00f3 el nombre de la persona que completar\u00e1 el tr\u00edo junto a Dami\u00e1n Betular y Germ\u00e1n Martitegui.El anuncio se hizo en el canal vecino y ya gener\u00f3 pol\u00e9mica.<\/p>","protected":false},"excerpt":{"rendered":"<p>Se confirm\u00f3 el nombre de la persona que completar\u00e1 el tr\u00edo junto a Dami\u00e1n Betular y Germ\u00e1n Martitegui.El anuncio se hizo en el canal vecino y ya gener\u00f3 pol\u00e9mica.<\/p>\n","protected":false},"author":0,"featured_media":0,"comment_status":"","ping_status":"","sticky":false,"template":"","format":"standard","meta":{"footnotes":""},"categories":[1],"tags":[],"class_list":["post-51087","post","type-post","status-publish","format-standard","has-post-thumbnail","hentry","category-sin-categoria"],"_links":{"self":[{"href":"http:\/\/fmdelpueblo.ar\/index.php?rest_route=\/wp\/v2\/posts\/51087","targetHints":{"allow":["GET"]}}],"collection":[{"href":"http:\/\/fmdelpueblo.ar\/index.php?rest_route=\/wp\/v2\/posts"}],"about":[{"href":"http:\/\/fmdelpueblo.ar\/index.php?rest_route=\/wp\/v2\/types\/post"}],"replies":[{"embeddable":true,"href":"http:\/\/fmdelpueblo.ar\/index.php?rest_route=%2Fwp%2Fv2%2Fcomments&post=51087"}],"version-history":[{"count":0,"href":"http:\/\/fmdelpueblo.ar\/index.php?rest_route=\/wp\/v2\/posts\/51087\/revisions"}],"wp:attachment":[{"href":"http:\/\/fmdelpueblo.ar\/index.php?rest_route=%2Fwp%2Fv2%2Fmedia&parent=51087"}],"wp:term":[{"taxonomy":"category","embeddable":true,"href":"http:\/\/fmdelpueblo.ar\/index.php?rest_route=%2Fwp%2Fv2%2Fcategories&post=51087"},{"taxonomy":"post_tag","embeddable":true,"href":"http:\/\/fmdelpueblo.ar\/index.php?rest_route=%2Fwp%2Fv2%2Ftags&post=51087"}],"curies":[{"name":"wp","href":"https:\/\/api.w.org\/{rel}","templated":true}]}}