{"id":51082,"date":"2026-09-02T12:09:32","date_gmt":"2026-09-02T15:09:32","guid":{"rendered":"https:\/\/fmdelpueblo.ar\/?p=51082"},"modified":"2026-09-02T12:09:32","modified_gmt":"2026-09-02T15:09:32","slug":"detuvieron-a-un-policia-que-le-robo-la-tarjeta-de-credito-a-un-companero-y-se-fue-de-compras-en-san-juan","status":"publish","type":"post","link":"http:\/\/fmdelpueblo.ar\/?p=51082","title":{"rendered":"Detuvieron a un polic\u00eda que le rob\u00f3 la tarjeta de cr\u00e9dito a un compa\u00f1ero y se fue de compras en San Juan"},"content":{"rendered":"<p>La v\u00edctima hizo la denuncia luego de notar un consumo sospechoso y consultar con el local donde se hab\u00eda realizado la compra.Las c\u00e1maras de seguridad fueron claves para dar con el ladr\u00f3n.<\/p>","protected":false},"excerpt":{"rendered":"<p>La v\u00edctima hizo la denuncia luego de notar un consumo sospechoso y consultar con el local donde se hab\u00eda realizado la compra.Las c\u00e1maras de seguridad fueron claves para dar con el ladr\u00f3n.<\/p>\n","protected":false},"author":0,"featured_media":0,"comment_status":"","ping_status":"","sticky":false,"template":"","format":"standard","meta":{"footnotes":""},"categories":[1],"tags":[],"class_list":["post-51082","post","type-post","status-publish","format-standard","has-post-thumbnail","hentry","category-sin-categoria"],"_links":{"self":[{"href":"http:\/\/fmdelpueblo.ar\/index.php?rest_route=\/wp\/v2\/posts\/51082","targetHints":{"allow":["GET"]}}],"collection":[{"href":"http:\/\/fmdelpueblo.ar\/index.php?rest_route=\/wp\/v2\/posts"}],"about":[{"href":"http:\/\/fmdelpueblo.ar\/index.php?rest_route=\/wp\/v2\/types\/post"}],"replies":[{"embeddable":true,"href":"http:\/\/fmdelpueblo.ar\/index.php?rest_route=%2Fwp%2Fv2%2Fcomments&post=51082"}],"version-history":[{"count":0,"href":"http:\/\/fmdelpueblo.ar\/index.php?rest_route=\/wp\/v2\/posts\/51082\/revisions"}],"wp:attachment":[{"href":"http:\/\/fmdelpueblo.ar\/index.php?rest_route=%2Fwp%2Fv2%2Fmedia&parent=51082"}],"wp:term":[{"taxonomy":"category","embeddable":true,"href":"http:\/\/fmdelpueblo.ar\/index.php?rest_route=%2Fwp%2Fv2%2Fcategories&post=51082"},{"taxonomy":"post_tag","embeddable":true,"href":"http:\/\/fmdelpueblo.ar\/index.php?rest_route=%2Fwp%2Fv2%2Ftags&post=51082"}],"curies":[{"name":"wp","href":"https:\/\/api.w.org\/{rel}","templated":true}]}}