{"id":51080,"date":"2026-09-02T12:09:31","date_gmt":"2026-09-02T15:09:31","guid":{"rendered":"https:\/\/fmdelpueblo.ar\/?p=51080"},"modified":"2026-09-02T12:09:31","modified_gmt":"2026-09-02T15:09:31","slug":"de-las-dunas-a-la-cordillera-una-aventura-4x4-por-los-caminos-mas-desafiantes-de-mendoza","status":"publish","type":"post","link":"http:\/\/fmdelpueblo.ar\/?p=51080","title":{"rendered":"De las dunas a la Cordillera: una aventura 4&#215;4 por los caminos m\u00e1s desafiantes de Mendoza"},"content":{"rendered":"<p>Chevrolet reuni\u00f3 a propietarios de Silverado en la segunda edici\u00f3n de Ruta Silverado, una experiencia de cuatro d\u00edas que combin\u00f3 conducci\u00f3n todoterreno, paisajes \u00fanicos y distintos terrenos del sur provincial.   <\/p>","protected":false},"excerpt":{"rendered":"<p>Chevrolet reuni\u00f3 a propietarios de Silverado en la segunda edici\u00f3n de Ruta Silverado, una experiencia de cuatro d\u00edas que combin\u00f3 conducci\u00f3n todoterreno, paisajes \u00fanicos y distintos terrenos del sur provincial.<\/p>\n","protected":false},"author":0,"featured_media":0,"comment_status":"","ping_status":"","sticky":false,"template":"","format":"standard","meta":{"footnotes":""},"categories":[1],"tags":[],"class_list":["post-51080","post","type-post","status-publish","format-standard","has-post-thumbnail","hentry","category-sin-categoria"],"_links":{"self":[{"href":"http:\/\/fmdelpueblo.ar\/index.php?rest_route=\/wp\/v2\/posts\/51080","targetHints":{"allow":["GET"]}}],"collection":[{"href":"http:\/\/fmdelpueblo.ar\/index.php?rest_route=\/wp\/v2\/posts"}],"about":[{"href":"http:\/\/fmdelpueblo.ar\/index.php?rest_route=\/wp\/v2\/types\/post"}],"replies":[{"embeddable":true,"href":"http:\/\/fmdelpueblo.ar\/index.php?rest_route=%2Fwp%2Fv2%2Fcomments&post=51080"}],"version-history":[{"count":0,"href":"http:\/\/fmdelpueblo.ar\/index.php?rest_route=\/wp\/v2\/posts\/51080\/revisions"}],"wp:attachment":[{"href":"http:\/\/fmdelpueblo.ar\/index.php?rest_route=%2Fwp%2Fv2%2Fmedia&parent=51080"}],"wp:term":[{"taxonomy":"category","embeddable":true,"href":"http:\/\/fmdelpueblo.ar\/index.php?rest_route=%2Fwp%2Fv2%2Fcategories&post=51080"},{"taxonomy":"post_tag","embeddable":true,"href":"http:\/\/fmdelpueblo.ar\/index.php?rest_route=%2Fwp%2Fv2%2Ftags&post=51080"}],"curies":[{"name":"wp","href":"https:\/\/api.w.org\/{rel}","templated":true}]}}