{"id":51075,"date":"2026-09-02T12:09:27","date_gmt":"2026-09-02T15:09:27","guid":{"rendered":"https:\/\/fmdelpueblo.ar\/?p=51075"},"modified":"2026-09-02T12:09:27","modified_gmt":"2026-09-02T15:09:27","slug":"del-sueno-de-ser-dirigido-por-simeone-a-quedarse-en-francia-por-que-se-cayo-el-pase-de-tagliafico-al-atletico","status":"publish","type":"post","link":"http:\/\/fmdelpueblo.ar\/?p=51075","title":{"rendered":"Del sue\u00f1o de ser dirigido por Simeone a quedarse en Francia: por qu\u00e9 se cay\u00f3 el pase de Tagliafico al Atl\u00e9tico"},"content":{"rendered":"<p>El lateral izquierdo de la Scaloneta ten\u00eda todo arreglado para hacerse colchonero.Era su chance de compartir plantel con Juli\u00e1n, Giuliano, el Cuti y Musso, entre otros.Sin embargo, a \u00faltimo momento se pinch\u00f3 la negociaci\u00f3n y seguir\u00e1 en tierra gala.<\/p>","protected":false},"excerpt":{"rendered":"<p>El lateral izquierdo de la Scaloneta ten\u00eda todo arreglado para hacerse colchonero.Era su chance de compartir plantel con Juli\u00e1n, Giuliano, el Cuti y Musso, entre otros.Sin embargo, a \u00faltimo momento se pinch\u00f3 la negociaci\u00f3n y seguir\u00e1 en tierra gala.<\/p>\n","protected":false},"author":0,"featured_media":0,"comment_status":"","ping_status":"","sticky":false,"template":"","format":"standard","meta":{"footnotes":""},"categories":[1],"tags":[],"class_list":["post-51075","post","type-post","status-publish","format-standard","has-post-thumbnail","hentry","category-sin-categoria"],"_links":{"self":[{"href":"http:\/\/fmdelpueblo.ar\/index.php?rest_route=\/wp\/v2\/posts\/51075","targetHints":{"allow":["GET"]}}],"collection":[{"href":"http:\/\/fmdelpueblo.ar\/index.php?rest_route=\/wp\/v2\/posts"}],"about":[{"href":"http:\/\/fmdelpueblo.ar\/index.php?rest_route=\/wp\/v2\/types\/post"}],"replies":[{"embeddable":true,"href":"http:\/\/fmdelpueblo.ar\/index.php?rest_route=%2Fwp%2Fv2%2Fcomments&post=51075"}],"version-history":[{"count":0,"href":"http:\/\/fmdelpueblo.ar\/index.php?rest_route=\/wp\/v2\/posts\/51075\/revisions"}],"wp:attachment":[{"href":"http:\/\/fmdelpueblo.ar\/index.php?rest_route=%2Fwp%2Fv2%2Fmedia&parent=51075"}],"wp:term":[{"taxonomy":"category","embeddable":true,"href":"http:\/\/fmdelpueblo.ar\/index.php?rest_route=%2Fwp%2Fv2%2Fcategories&post=51075"},{"taxonomy":"post_tag","embeddable":true,"href":"http:\/\/fmdelpueblo.ar\/index.php?rest_route=%2Fwp%2Fv2%2Ftags&post=51075"}],"curies":[{"name":"wp","href":"https:\/\/api.w.org\/{rel}","templated":true}]}}