{"id":51060,"date":"2026-09-02T10:08:58","date_gmt":"2026-09-02T13:08:58","guid":{"rendered":"https:\/\/fmdelpueblo.ar\/?p=51060"},"modified":"2026-09-02T10:08:58","modified_gmt":"2026-09-02T13:08:58","slug":"con-edicion-genica-e-inteligencia-artificial-reducen-de-5-anos-a-4-meses-el-mejoramiento-de-cultivos","status":"publish","type":"post","link":"http:\/\/fmdelpueblo.ar\/?p=51060","title":{"rendered":"Con edici\u00f3n g\u00e9nica e inteligencia artificial, reducen de 5 a\u00f1os a 4 meses el mejoramiento de cultivos"},"content":{"rendered":"<p>Bayer realiz\u00f3 anuncios globales en Iowa, coraz\u00f3n agr\u00edcola de Estados Unidos.Ma\u00edces de baja estatura y un insecticida de amplio espectro ya fueron lanzados al mercado.Proyectan otros avances disruptivos en la pr\u00f3xima d\u00e9cada, sobre soja, trigo y otros cultivos, por ejemplo para biocombustibles.<\/p>","protected":false},"excerpt":{"rendered":"<p>Bayer realiz\u00f3 anuncios globales en Iowa, coraz\u00f3n agr\u00edcola de Estados Unidos.Ma\u00edces de baja estatura y un insecticida de amplio espectro ya fueron lanzados al mercado.Proyectan otros avances disruptivos en la pr\u00f3xima d\u00e9cada, sobre soja, trigo y otros cultivos, por ejemplo para biocombustibles.<\/p>\n","protected":false},"author":0,"featured_media":0,"comment_status":"","ping_status":"","sticky":false,"template":"","format":"standard","meta":{"footnotes":""},"categories":[1],"tags":[],"class_list":["post-51060","post","type-post","status-publish","format-standard","has-post-thumbnail","hentry","category-sin-categoria"],"_links":{"self":[{"href":"http:\/\/fmdelpueblo.ar\/index.php?rest_route=\/wp\/v2\/posts\/51060","targetHints":{"allow":["GET"]}}],"collection":[{"href":"http:\/\/fmdelpueblo.ar\/index.php?rest_route=\/wp\/v2\/posts"}],"about":[{"href":"http:\/\/fmdelpueblo.ar\/index.php?rest_route=\/wp\/v2\/types\/post"}],"replies":[{"embeddable":true,"href":"http:\/\/fmdelpueblo.ar\/index.php?rest_route=%2Fwp%2Fv2%2Fcomments&post=51060"}],"version-history":[{"count":0,"href":"http:\/\/fmdelpueblo.ar\/index.php?rest_route=\/wp\/v2\/posts\/51060\/revisions"}],"wp:attachment":[{"href":"http:\/\/fmdelpueblo.ar\/index.php?rest_route=%2Fwp%2Fv2%2Fmedia&parent=51060"}],"wp:term":[{"taxonomy":"category","embeddable":true,"href":"http:\/\/fmdelpueblo.ar\/index.php?rest_route=%2Fwp%2Fv2%2Fcategories&post=51060"},{"taxonomy":"post_tag","embeddable":true,"href":"http:\/\/fmdelpueblo.ar\/index.php?rest_route=%2Fwp%2Fv2%2Ftags&post=51060"}],"curies":[{"name":"wp","href":"https:\/\/api.w.org\/{rel}","templated":true}]}}