{"id":51056,"date":"2026-09-02T10:08:56","date_gmt":"2026-09-02T13:08:56","guid":{"rendered":"https:\/\/fmdelpueblo.ar\/?p=51056"},"modified":"2026-09-02T10:08:56","modified_gmt":"2026-09-02T13:08:56","slug":"salvadorenos-que-%c2%93crecieron-con-el-tps%c2%94-enfrentan-la-amenaza-de-ser-expulsados-de-ee-uu","status":"publish","type":"post","link":"http:\/\/fmdelpueblo.ar\/?p=51056","title":{"rendered":"Salvadore\u00f1os que \u0093crecieron con el TPS\u0094 enfrentan la amenaza de ser expulsados de EE.UU."},"content":{"rendered":"<p>Miles de salvadore\u00f1os en EE.UU. perder\u00e1n el TPS el 9 de septiembre, enfrentando la posibilidad de retornar a un pa\u00eds que muchos no conocen. La situaci\u00f3n genera incertidumbre y temor entre los afectados, quienes han construido sus vidas en EE.UU. desde la infancia.<\/p>","protected":false},"excerpt":{"rendered":"<p>Miles de salvadore\u00f1os en EE.UU. perder\u00e1n el TPS el 9 de septiembre, enfrentando la posibilidad de retornar a un pa\u00eds que muchos no conocen. La situaci\u00f3n genera incertidumbre y temor entre los afectados, quienes han construido sus vidas en EE.UU. desde la infancia.<\/p>\n","protected":false},"author":0,"featured_media":0,"comment_status":"","ping_status":"","sticky":false,"template":"","format":"standard","meta":{"footnotes":""},"categories":[1],"tags":[],"class_list":["post-51056","post","type-post","status-publish","format-standard","has-post-thumbnail","hentry","category-sin-categoria"],"_links":{"self":[{"href":"http:\/\/fmdelpueblo.ar\/index.php?rest_route=\/wp\/v2\/posts\/51056","targetHints":{"allow":["GET"]}}],"collection":[{"href":"http:\/\/fmdelpueblo.ar\/index.php?rest_route=\/wp\/v2\/posts"}],"about":[{"href":"http:\/\/fmdelpueblo.ar\/index.php?rest_route=\/wp\/v2\/types\/post"}],"replies":[{"embeddable":true,"href":"http:\/\/fmdelpueblo.ar\/index.php?rest_route=%2Fwp%2Fv2%2Fcomments&post=51056"}],"version-history":[{"count":0,"href":"http:\/\/fmdelpueblo.ar\/index.php?rest_route=\/wp\/v2\/posts\/51056\/revisions"}],"wp:attachment":[{"href":"http:\/\/fmdelpueblo.ar\/index.php?rest_route=%2Fwp%2Fv2%2Fmedia&parent=51056"}],"wp:term":[{"taxonomy":"category","embeddable":true,"href":"http:\/\/fmdelpueblo.ar\/index.php?rest_route=%2Fwp%2Fv2%2Fcategories&post=51056"},{"taxonomy":"post_tag","embeddable":true,"href":"http:\/\/fmdelpueblo.ar\/index.php?rest_route=%2Fwp%2Fv2%2Ftags&post=51056"}],"curies":[{"name":"wp","href":"https:\/\/api.w.org\/{rel}","templated":true}]}}