{"id":51054,"date":"2026-09-02T10:08:55","date_gmt":"2026-09-02T13:08:55","guid":{"rendered":"https:\/\/fmdelpueblo.ar\/?p=51054"},"modified":"2026-09-02T10:08:55","modified_gmt":"2026-09-02T13:08:55","slug":"llegan-las-tormentas-al-amba-a-que-hora-empieza-a-llover-y-desde-cuando-regira-la-alerta-amarilla-del-smn","status":"publish","type":"post","link":"http:\/\/fmdelpueblo.ar\/?p=51054","title":{"rendered":"Llegan las tormentas al AMBA: a qu\u00e9 hora empieza a llover y desde cu\u00e1ndo regir\u00e1 la alerta amarilla del SMN"},"content":{"rendered":"<p>El sur de la provincia de Buenos Aires ya presenta alerta amarilla por tormentas esta tarde.El Servicio Meteorol\u00f3gico Nacional anticip\u00f3 fuertes vientos y nevadas en varias provincias.<\/p>","protected":false},"excerpt":{"rendered":"<p>El sur de la provincia de Buenos Aires ya presenta alerta amarilla por tormentas esta tarde.El Servicio Meteorol\u00f3gico Nacional anticip\u00f3 fuertes vientos y nevadas en varias provincias.<\/p>\n","protected":false},"author":0,"featured_media":0,"comment_status":"","ping_status":"","sticky":false,"template":"","format":"standard","meta":{"footnotes":""},"categories":[1],"tags":[],"class_list":["post-51054","post","type-post","status-publish","format-standard","has-post-thumbnail","hentry","category-sin-categoria"],"_links":{"self":[{"href":"http:\/\/fmdelpueblo.ar\/index.php?rest_route=\/wp\/v2\/posts\/51054","targetHints":{"allow":["GET"]}}],"collection":[{"href":"http:\/\/fmdelpueblo.ar\/index.php?rest_route=\/wp\/v2\/posts"}],"about":[{"href":"http:\/\/fmdelpueblo.ar\/index.php?rest_route=\/wp\/v2\/types\/post"}],"replies":[{"embeddable":true,"href":"http:\/\/fmdelpueblo.ar\/index.php?rest_route=%2Fwp%2Fv2%2Fcomments&post=51054"}],"version-history":[{"count":0,"href":"http:\/\/fmdelpueblo.ar\/index.php?rest_route=\/wp\/v2\/posts\/51054\/revisions"}],"wp:attachment":[{"href":"http:\/\/fmdelpueblo.ar\/index.php?rest_route=%2Fwp%2Fv2%2Fmedia&parent=51054"}],"wp:term":[{"taxonomy":"category","embeddable":true,"href":"http:\/\/fmdelpueblo.ar\/index.php?rest_route=%2Fwp%2Fv2%2Fcategories&post=51054"},{"taxonomy":"post_tag","embeddable":true,"href":"http:\/\/fmdelpueblo.ar\/index.php?rest_route=%2Fwp%2Fv2%2Ftags&post=51054"}],"curies":[{"name":"wp","href":"https:\/\/api.w.org\/{rel}","templated":true}]}}