{"id":51029,"date":"2026-09-02T07:09:00","date_gmt":"2026-09-02T10:09:00","guid":{"rendered":"https:\/\/fmdelpueblo.ar\/?p=51029"},"modified":"2026-09-02T07:09:00","modified_gmt":"2026-09-02T10:09:00","slug":"la-historia-de-brindis-la-cancion-de-la-sole-que-messi-eligio-para-comunicar-su-retiro-de-la-seleccion-argentina","status":"publish","type":"post","link":"http:\/\/fmdelpueblo.ar\/?p=51029","title":{"rendered":"La historia de \u00abBrindis\u00bb, la canci\u00f3n de La Sole que Messi eligi\u00f3 para comunicar su retiro de la Selecci\u00f3n Argentina"},"content":{"rendered":"<p>El mejor futbolista del mundo musicaliz\u00f3 su anuncio con la canci\u00f3n de la cantante de Arequito, que tiene un significado especial para \u00e9l.La historia del tema que naci\u00f3 en 2005, fue compuesta por Afo Verde y salt\u00f3 a la fama gracias a Maradona.<\/p>","protected":false},"excerpt":{"rendered":"<p>El mejor futbolista del mundo musicaliz\u00f3 su anuncio con la canci\u00f3n de la cantante de Arequito, que tiene un significado especial para \u00e9l.La historia del tema que naci\u00f3 en 2005, fue compuesta por Afo Verde y salt\u00f3 a la fama gracias a Maradona.<\/p>\n","protected":false},"author":0,"featured_media":0,"comment_status":"","ping_status":"","sticky":false,"template":"","format":"standard","meta":{"footnotes":""},"categories":[1],"tags":[],"class_list":["post-51029","post","type-post","status-publish","format-standard","has-post-thumbnail","hentry","category-sin-categoria"],"_links":{"self":[{"href":"http:\/\/fmdelpueblo.ar\/index.php?rest_route=\/wp\/v2\/posts\/51029","targetHints":{"allow":["GET"]}}],"collection":[{"href":"http:\/\/fmdelpueblo.ar\/index.php?rest_route=\/wp\/v2\/posts"}],"about":[{"href":"http:\/\/fmdelpueblo.ar\/index.php?rest_route=\/wp\/v2\/types\/post"}],"replies":[{"embeddable":true,"href":"http:\/\/fmdelpueblo.ar\/index.php?rest_route=%2Fwp%2Fv2%2Fcomments&post=51029"}],"version-history":[{"count":0,"href":"http:\/\/fmdelpueblo.ar\/index.php?rest_route=\/wp\/v2\/posts\/51029\/revisions"}],"wp:attachment":[{"href":"http:\/\/fmdelpueblo.ar\/index.php?rest_route=%2Fwp%2Fv2%2Fmedia&parent=51029"}],"wp:term":[{"taxonomy":"category","embeddable":true,"href":"http:\/\/fmdelpueblo.ar\/index.php?rest_route=%2Fwp%2Fv2%2Fcategories&post=51029"},{"taxonomy":"post_tag","embeddable":true,"href":"http:\/\/fmdelpueblo.ar\/index.php?rest_route=%2Fwp%2Fv2%2Ftags&post=51029"}],"curies":[{"name":"wp","href":"https:\/\/api.w.org\/{rel}","templated":true}]}}