{"id":51005,"date":"2026-09-02T03:08:57","date_gmt":"2026-09-02T06:08:57","guid":{"rendered":"http:\/\/fmdelpueblo.ar\/?p=51005"},"modified":"2026-09-02T03:08:57","modified_gmt":"2026-09-02T06:08:57","slug":"francisco-del-amo-mayor-donante-de-sangre-de-europa-con-549-extracciones-no-esperes-que-te-toque-sin-sangre-se-paran-los-quirofanos","status":"publish","type":"post","link":"http:\/\/fmdelpueblo.ar\/?p=51005","title":{"rendered":"Francisco del Amo, mayor donante de sangre de Europa con 549 extracciones: \u201cNo esperes que te toque, sin sangre se paran los quir\u00f3fanos\u201d"},"content":{"rendered":"<p>A los 70 a\u00f1os  sigue donando cada quince d\u00edas y recibi\u00f3 la Medalla al M\u00e9rito Civil por su altruismo.<\/p>","protected":false},"excerpt":{"rendered":"<p>A los 70 a\u00f1os sigue donando cada quince d\u00edas y recibi\u00f3 la Medalla al M\u00e9rito Civil por su altruismo.<\/p>\n","protected":false},"author":0,"featured_media":0,"comment_status":"","ping_status":"","sticky":false,"template":"","format":"standard","meta":{"footnotes":""},"categories":[1],"tags":[],"class_list":["post-51005","post","type-post","status-publish","format-standard","has-post-thumbnail","hentry","category-sin-categoria"],"_links":{"self":[{"href":"http:\/\/fmdelpueblo.ar\/index.php?rest_route=\/wp\/v2\/posts\/51005","targetHints":{"allow":["GET"]}}],"collection":[{"href":"http:\/\/fmdelpueblo.ar\/index.php?rest_route=\/wp\/v2\/posts"}],"about":[{"href":"http:\/\/fmdelpueblo.ar\/index.php?rest_route=\/wp\/v2\/types\/post"}],"replies":[{"embeddable":true,"href":"http:\/\/fmdelpueblo.ar\/index.php?rest_route=%2Fwp%2Fv2%2Fcomments&post=51005"}],"version-history":[{"count":0,"href":"http:\/\/fmdelpueblo.ar\/index.php?rest_route=\/wp\/v2\/posts\/51005\/revisions"}],"wp:attachment":[{"href":"http:\/\/fmdelpueblo.ar\/index.php?rest_route=%2Fwp%2Fv2%2Fmedia&parent=51005"}],"wp:term":[{"taxonomy":"category","embeddable":true,"href":"http:\/\/fmdelpueblo.ar\/index.php?rest_route=%2Fwp%2Fv2%2Fcategories&post=51005"},{"taxonomy":"post_tag","embeddable":true,"href":"http:\/\/fmdelpueblo.ar\/index.php?rest_route=%2Fwp%2Fv2%2Ftags&post=51005"}],"curies":[{"name":"wp","href":"https:\/\/api.w.org\/{rel}","templated":true}]}}