{"id":50979,"date":"2026-09-02T00:09:05","date_gmt":"2026-09-02T03:09:05","guid":{"rendered":"https:\/\/fmdelpueblo.ar\/?p=50979"},"modified":"2026-09-02T00:09:05","modified_gmt":"2026-09-02T03:09:05","slug":"las-40-actividades-y-casi-100-invitados-del-filba-2026-ademas-de-emmanuel-carrere-y-claire-keegan","status":"publish","type":"post","link":"http:\/\/fmdelpueblo.ar\/?p=50979","title":{"rendered":"Las 40 actividades y casi 100 invitados del Filba 2026 (adem\u00e1s de Emmanuel Carr\u00e8re y Claire Keegan)"},"content":{"rendered":"<p>Las \u00abestrellas\u00bb internacionales son el escritor franc\u00e9s, que viene a presentar su libro Kolj\u00f3s, y la irlandesa, que regresa despu\u00e9s de 17 a\u00f1os. Ambos se presentar\u00e1n en la Facultad de Derecho de la UBA con entrada gratis y tendr\u00e1n otra actividad cada uno que ser\u00e1 paga. Adem\u00e1s, habr\u00e1 cuarenta actividades entre presentaciones, di\u00e1logos, talleres, fiestas y performances del 30 de septiembre al domingo 4 de octubre.<\/p>","protected":false},"excerpt":{"rendered":"<p>Las \u00abestrellas\u00bb internacionales son el escritor franc\u00e9s, que viene a presentar su libro Kolj\u00f3s, y la irlandesa, que regresa despu\u00e9s de 17 a\u00f1os. Ambos se presentar\u00e1n en la Facultad de Derecho de la UBA con entrada gratis y tendr\u00e1n otra actividad cada uno que ser\u00e1 paga. Adem\u00e1s, habr\u00e1 cuarenta actividades entre presentaciones, di\u00e1logos, talleres, fiestas [&hellip;]<\/p>\n","protected":false},"author":0,"featured_media":0,"comment_status":"","ping_status":"","sticky":false,"template":"","format":"standard","meta":{"footnotes":""},"categories":[1],"tags":[],"class_list":["post-50979","post","type-post","status-publish","format-standard","has-post-thumbnail","hentry","category-sin-categoria"],"_links":{"self":[{"href":"http:\/\/fmdelpueblo.ar\/index.php?rest_route=\/wp\/v2\/posts\/50979","targetHints":{"allow":["GET"]}}],"collection":[{"href":"http:\/\/fmdelpueblo.ar\/index.php?rest_route=\/wp\/v2\/posts"}],"about":[{"href":"http:\/\/fmdelpueblo.ar\/index.php?rest_route=\/wp\/v2\/types\/post"}],"replies":[{"embeddable":true,"href":"http:\/\/fmdelpueblo.ar\/index.php?rest_route=%2Fwp%2Fv2%2Fcomments&post=50979"}],"version-history":[{"count":0,"href":"http:\/\/fmdelpueblo.ar\/index.php?rest_route=\/wp\/v2\/posts\/50979\/revisions"}],"wp:attachment":[{"href":"http:\/\/fmdelpueblo.ar\/index.php?rest_route=%2Fwp%2Fv2%2Fmedia&parent=50979"}],"wp:term":[{"taxonomy":"category","embeddable":true,"href":"http:\/\/fmdelpueblo.ar\/index.php?rest_route=%2Fwp%2Fv2%2Fcategories&post=50979"},{"taxonomy":"post_tag","embeddable":true,"href":"http:\/\/fmdelpueblo.ar\/index.php?rest_route=%2Fwp%2Fv2%2Ftags&post=50979"}],"curies":[{"name":"wp","href":"https:\/\/api.w.org\/{rel}","templated":true}]}}