{"id":50977,"date":"2026-09-02T00:09:04","date_gmt":"2026-09-02T03:09:04","guid":{"rendered":"https:\/\/fmdelpueblo.ar\/?p=50977"},"modified":"2026-09-02T00:09:04","modified_gmt":"2026-09-02T03:09:04","slug":"en-moto-cerveza-en-mano-y-con-una-nena-sin-casco-el-video-de-una-conductora-que-causo-indignacion-en-catamarca","status":"publish","type":"post","link":"http:\/\/fmdelpueblo.ar\/?p=50977","title":{"rendered":"En moto, cerveza en mano y con una nena sin casco: el video de una conductora que caus\u00f3 indignaci\u00f3n en Catamarca"},"content":{"rendered":"<p>Los vecinos de la zona la grabaron y compartieron las im\u00e1genes en redes sociales y grupos de WhatsApp.La Agencia Nacional de Seguridad Vial trabaja para identificar a la responsable y actuar de oficio en su contra.<\/p>","protected":false},"excerpt":{"rendered":"<p>Los vecinos de la zona la grabaron y compartieron las im\u00e1genes en redes sociales y grupos de WhatsApp.La Agencia Nacional de Seguridad Vial trabaja para identificar a la responsable y actuar de oficio en su contra.<\/p>\n","protected":false},"author":0,"featured_media":0,"comment_status":"","ping_status":"","sticky":false,"template":"","format":"standard","meta":{"footnotes":""},"categories":[1],"tags":[],"class_list":["post-50977","post","type-post","status-publish","format-standard","has-post-thumbnail","hentry","category-sin-categoria"],"_links":{"self":[{"href":"http:\/\/fmdelpueblo.ar\/index.php?rest_route=\/wp\/v2\/posts\/50977","targetHints":{"allow":["GET"]}}],"collection":[{"href":"http:\/\/fmdelpueblo.ar\/index.php?rest_route=\/wp\/v2\/posts"}],"about":[{"href":"http:\/\/fmdelpueblo.ar\/index.php?rest_route=\/wp\/v2\/types\/post"}],"replies":[{"embeddable":true,"href":"http:\/\/fmdelpueblo.ar\/index.php?rest_route=%2Fwp%2Fv2%2Fcomments&post=50977"}],"version-history":[{"count":0,"href":"http:\/\/fmdelpueblo.ar\/index.php?rest_route=\/wp\/v2\/posts\/50977\/revisions"}],"wp:attachment":[{"href":"http:\/\/fmdelpueblo.ar\/index.php?rest_route=%2Fwp%2Fv2%2Fmedia&parent=50977"}],"wp:term":[{"taxonomy":"category","embeddable":true,"href":"http:\/\/fmdelpueblo.ar\/index.php?rest_route=%2Fwp%2Fv2%2Fcategories&post=50977"},{"taxonomy":"post_tag","embeddable":true,"href":"http:\/\/fmdelpueblo.ar\/index.php?rest_route=%2Fwp%2Fv2%2Ftags&post=50977"}],"curies":[{"name":"wp","href":"https:\/\/api.w.org\/{rel}","templated":true}]}}