{"id":50967,"date":"2026-09-01T23:09:10","date_gmt":"2026-09-02T02:09:10","guid":{"rendered":"http:\/\/fmdelpueblo.ar\/?p=50967"},"modified":"2026-09-01T23:09:10","modified_gmt":"2026-09-02T02:09:10","slug":"el-museo-latino-de-ee-uu-tendra-su-sede-en-la-explanada-nacional-de-washington","status":"publish","type":"post","link":"http:\/\/fmdelpueblo.ar\/?p=50967","title":{"rendered":"El Museo Latino de EE.UU. tendr\u00e1 su sede en la Explanada Nacional de Washington"},"content":{"rendered":"<p>El Museo Nacional del Latino Estadounidense tendr\u00e1 sede en el edificio de las Artes del Smithsonian en Washington DC, un logro tras d\u00e9cadas de esfuerzo.El proyecto, frenado por falta de fondos y pol\u00edticas de Trump, celebrar\u00e1 la historia y legado de los latinos en EE.UU. en un espacio hist\u00f3rico.<\/p>","protected":false},"excerpt":{"rendered":"<p>El Museo Nacional del Latino Estadounidense tendr\u00e1 sede en el edificio de las Artes del Smithsonian en Washington DC, un logro tras d\u00e9cadas de esfuerzo.El proyecto, frenado por falta de fondos y pol\u00edticas de Trump, celebrar\u00e1 la historia y legado de los latinos en EE.UU. en un espacio hist\u00f3rico.<\/p>\n","protected":false},"author":0,"featured_media":0,"comment_status":"","ping_status":"","sticky":false,"template":"","format":"standard","meta":{"footnotes":""},"categories":[1],"tags":[],"class_list":["post-50967","post","type-post","status-publish","format-standard","has-post-thumbnail","hentry","category-sin-categoria"],"_links":{"self":[{"href":"http:\/\/fmdelpueblo.ar\/index.php?rest_route=\/wp\/v2\/posts\/50967","targetHints":{"allow":["GET"]}}],"collection":[{"href":"http:\/\/fmdelpueblo.ar\/index.php?rest_route=\/wp\/v2\/posts"}],"about":[{"href":"http:\/\/fmdelpueblo.ar\/index.php?rest_route=\/wp\/v2\/types\/post"}],"replies":[{"embeddable":true,"href":"http:\/\/fmdelpueblo.ar\/index.php?rest_route=%2Fwp%2Fv2%2Fcomments&post=50967"}],"version-history":[{"count":0,"href":"http:\/\/fmdelpueblo.ar\/index.php?rest_route=\/wp\/v2\/posts\/50967\/revisions"}],"wp:attachment":[{"href":"http:\/\/fmdelpueblo.ar\/index.php?rest_route=%2Fwp%2Fv2%2Fmedia&parent=50967"}],"wp:term":[{"taxonomy":"category","embeddable":true,"href":"http:\/\/fmdelpueblo.ar\/index.php?rest_route=%2Fwp%2Fv2%2Fcategories&post=50967"},{"taxonomy":"post_tag","embeddable":true,"href":"http:\/\/fmdelpueblo.ar\/index.php?rest_route=%2Fwp%2Fv2%2Ftags&post=50967"}],"curies":[{"name":"wp","href":"https:\/\/api.w.org\/{rel}","templated":true}]}}