{"id":50965,"date":"2026-09-01T23:09:09","date_gmt":"2026-09-02T02:09:09","guid":{"rendered":"http:\/\/fmdelpueblo.ar\/?p=50965"},"modified":"2026-09-01T23:09:09","modified_gmt":"2026-09-02T02:09:09","slug":"exjefe-de-patrulla-fronteriza-se-jubilo-en-medio-de-investigacion-por-redadas-migratorias","status":"publish","type":"post","link":"http:\/\/fmdelpueblo.ar\/?p=50965","title":{"rendered":"Exjefe de Patrulla Fronteriza se jubil\u00f3 en medio de investigaci\u00f3n por redadas migratorias"},"content":{"rendered":"<p>El exjefe de la Patrulla Fronteriza, investigado por mala conducta, se retir\u00f3 tras liderar duras redadas migratorias en EE.UU.Las redadas, que causaron dos muertes, generaron cr\u00edticas y llevaron a su regreso a la frontera tras pol\u00e9micas operaciones en ciudades dem\u00f3cratas.<\/p>","protected":false},"excerpt":{"rendered":"<p>El exjefe de la Patrulla Fronteriza, investigado por mala conducta, se retir\u00f3 tras liderar duras redadas migratorias en EE.UU.Las redadas, que causaron dos muertes, generaron cr\u00edticas y llevaron a su regreso a la frontera tras pol\u00e9micas operaciones en ciudades dem\u00f3cratas.<\/p>\n","protected":false},"author":0,"featured_media":0,"comment_status":"","ping_status":"","sticky":false,"template":"","format":"standard","meta":{"footnotes":""},"categories":[1],"tags":[],"class_list":["post-50965","post","type-post","status-publish","format-standard","has-post-thumbnail","hentry","category-sin-categoria"],"_links":{"self":[{"href":"http:\/\/fmdelpueblo.ar\/index.php?rest_route=\/wp\/v2\/posts\/50965","targetHints":{"allow":["GET"]}}],"collection":[{"href":"http:\/\/fmdelpueblo.ar\/index.php?rest_route=\/wp\/v2\/posts"}],"about":[{"href":"http:\/\/fmdelpueblo.ar\/index.php?rest_route=\/wp\/v2\/types\/post"}],"replies":[{"embeddable":true,"href":"http:\/\/fmdelpueblo.ar\/index.php?rest_route=%2Fwp%2Fv2%2Fcomments&post=50965"}],"version-history":[{"count":0,"href":"http:\/\/fmdelpueblo.ar\/index.php?rest_route=\/wp\/v2\/posts\/50965\/revisions"}],"wp:attachment":[{"href":"http:\/\/fmdelpueblo.ar\/index.php?rest_route=%2Fwp%2Fv2%2Fmedia&parent=50965"}],"wp:term":[{"taxonomy":"category","embeddable":true,"href":"http:\/\/fmdelpueblo.ar\/index.php?rest_route=%2Fwp%2Fv2%2Fcategories&post=50965"},{"taxonomy":"post_tag","embeddable":true,"href":"http:\/\/fmdelpueblo.ar\/index.php?rest_route=%2Fwp%2Fv2%2Ftags&post=50965"}],"curies":[{"name":"wp","href":"https:\/\/api.w.org\/{rel}","templated":true}]}}