{"id":50964,"date":"2026-09-01T23:09:09","date_gmt":"2026-09-02T02:09:09","guid":{"rendered":"http:\/\/fmdelpueblo.ar\/?p=50964"},"modified":"2026-09-01T23:09:09","modified_gmt":"2026-09-02T02:09:09","slug":"la-conclusion-de-la-fia-tras-su-visita-a-buenos-aires-y-la-posible-respuesta-a-la-gran-pregunta-cuando-volvera-la-formula-1-a-la-argentina","status":"publish","type":"post","link":"http:\/\/fmdelpueblo.ar\/?p=50964","title":{"rendered":"La conclusi\u00f3n de la FIA tras su visita a Buenos Aires y la posible respuesta a la gran pregunta: \u00bfcu\u00e1ndo volver\u00e1 la F\u00f3rmula 1 a la Argentina?"},"content":{"rendered":"<p>Al presidente Mohammed ben Sulayem le bastaron 24 horas en el pa\u00eds para confirmar que en un pueblo futbolero, el automovilismo tambi\u00e9n despierta pasiones.\u00bbEl futuro luce brillante\u00bb, afirm\u00f3 en una conferencia de prensa.<\/p>","protected":false},"excerpt":{"rendered":"<p>Al presidente Mohammed ben Sulayem le bastaron 24 horas en el pa\u00eds para confirmar que en un pueblo futbolero, el automovilismo tambi\u00e9n despierta pasiones.\u00bbEl futuro luce brillante\u00bb, afirm\u00f3 en una conferencia de prensa.<\/p>\n","protected":false},"author":0,"featured_media":0,"comment_status":"","ping_status":"","sticky":false,"template":"","format":"standard","meta":{"footnotes":""},"categories":[1],"tags":[],"class_list":["post-50964","post","type-post","status-publish","format-standard","has-post-thumbnail","hentry","category-sin-categoria"],"_links":{"self":[{"href":"http:\/\/fmdelpueblo.ar\/index.php?rest_route=\/wp\/v2\/posts\/50964","targetHints":{"allow":["GET"]}}],"collection":[{"href":"http:\/\/fmdelpueblo.ar\/index.php?rest_route=\/wp\/v2\/posts"}],"about":[{"href":"http:\/\/fmdelpueblo.ar\/index.php?rest_route=\/wp\/v2\/types\/post"}],"replies":[{"embeddable":true,"href":"http:\/\/fmdelpueblo.ar\/index.php?rest_route=%2Fwp%2Fv2%2Fcomments&post=50964"}],"version-history":[{"count":0,"href":"http:\/\/fmdelpueblo.ar\/index.php?rest_route=\/wp\/v2\/posts\/50964\/revisions"}],"wp:attachment":[{"href":"http:\/\/fmdelpueblo.ar\/index.php?rest_route=%2Fwp%2Fv2%2Fmedia&parent=50964"}],"wp:term":[{"taxonomy":"category","embeddable":true,"href":"http:\/\/fmdelpueblo.ar\/index.php?rest_route=%2Fwp%2Fv2%2Fcategories&post=50964"},{"taxonomy":"post_tag","embeddable":true,"href":"http:\/\/fmdelpueblo.ar\/index.php?rest_route=%2Fwp%2Fv2%2Ftags&post=50964"}],"curies":[{"name":"wp","href":"https:\/\/api.w.org\/{rel}","templated":true}]}}