{"id":50959,"date":"2026-09-01T22:08:56","date_gmt":"2026-09-02T01:08:56","guid":{"rendered":"https:\/\/fmdelpueblo.ar\/?p=50959"},"modified":"2026-09-01T22:08:56","modified_gmt":"2026-09-02T01:08:56","slug":"riquelme-a-agenda-abierta-se-desentendio-de-la-polemica-por-los-arbitros-aclaro-el-sistema-de-abonos-en-boca-y-la-renovacion-de-la-bombonera","status":"publish","type":"post","link":"http:\/\/fmdelpueblo.ar\/?p=50959","title":{"rendered":"Riquelme, a agenda abierta: se desentendi\u00f3 de la pol\u00e9mica por los \u00e1rbitros, aclar\u00f3 el sistema de abonos en Boca y la renovaci\u00f3n de La Bombonera"},"content":{"rendered":"<p>El presidente habl\u00f3 en la previa del cruce ante V\u00e9lez, en C\u00f3rdoba, por los octavos de final de la Copa Argentina.Tambi\u00e9n se refiri\u00f3 al mercado de pases del Xeneize y a los \u00abnervios\u00bb con los que se vive el f\u00fatbol argentino.<\/p>","protected":false},"excerpt":{"rendered":"<p>El presidente habl\u00f3 en la previa del cruce ante V\u00e9lez, en C\u00f3rdoba, por los octavos de final de la Copa Argentina.Tambi\u00e9n se refiri\u00f3 al mercado de pases del Xeneize y a los \u00abnervios\u00bb con los que se vive el f\u00fatbol argentino.<\/p>\n","protected":false},"author":0,"featured_media":0,"comment_status":"","ping_status":"","sticky":false,"template":"","format":"standard","meta":{"footnotes":""},"categories":[1],"tags":[],"class_list":["post-50959","post","type-post","status-publish","format-standard","has-post-thumbnail","hentry","category-sin-categoria"],"_links":{"self":[{"href":"http:\/\/fmdelpueblo.ar\/index.php?rest_route=\/wp\/v2\/posts\/50959","targetHints":{"allow":["GET"]}}],"collection":[{"href":"http:\/\/fmdelpueblo.ar\/index.php?rest_route=\/wp\/v2\/posts"}],"about":[{"href":"http:\/\/fmdelpueblo.ar\/index.php?rest_route=\/wp\/v2\/types\/post"}],"replies":[{"embeddable":true,"href":"http:\/\/fmdelpueblo.ar\/index.php?rest_route=%2Fwp%2Fv2%2Fcomments&post=50959"}],"version-history":[{"count":0,"href":"http:\/\/fmdelpueblo.ar\/index.php?rest_route=\/wp\/v2\/posts\/50959\/revisions"}],"wp:attachment":[{"href":"http:\/\/fmdelpueblo.ar\/index.php?rest_route=%2Fwp%2Fv2%2Fmedia&parent=50959"}],"wp:term":[{"taxonomy":"category","embeddable":true,"href":"http:\/\/fmdelpueblo.ar\/index.php?rest_route=%2Fwp%2Fv2%2Fcategories&post=50959"},{"taxonomy":"post_tag","embeddable":true,"href":"http:\/\/fmdelpueblo.ar\/index.php?rest_route=%2Fwp%2Fv2%2Ftags&post=50959"}],"curies":[{"name":"wp","href":"https:\/\/api.w.org\/{rel}","templated":true}]}}