{"id":50957,"date":"2026-09-01T22:08:54","date_gmt":"2026-09-02T01:08:54","guid":{"rendered":"https:\/\/fmdelpueblo.ar\/?p=50957"},"modified":"2026-09-01T22:08:54","modified_gmt":"2026-09-02T01:08:54","slug":"la-psicologia-dice-que-las-personas-que-cuidaron-de-sus-hermanos-menores-maduran-de-una-forma-poco-comun-aprenden-a-ser-responsables-desarrollan-autonomia-y-resuelven-problemas-cotidianos","status":"publish","type":"post","link":"http:\/\/fmdelpueblo.ar\/?p=50957","title":{"rendered":"La psicolog\u00eda dice que las personas que cuidaron de sus hermanos menores maduran de una forma poco com\u00fan: aprenden a ser responsables, desarrollan autonom\u00eda y resuelven problemas cotidianos"},"content":{"rendered":"<p>Haber asumido responsabilidades durante la infancia puede favorecer distintas habilidades.<\/p>","protected":false},"excerpt":{"rendered":"<p>Haber asumido responsabilidades durante la infancia puede favorecer distintas habilidades.<\/p>\n","protected":false},"author":0,"featured_media":0,"comment_status":"","ping_status":"","sticky":false,"template":"","format":"standard","meta":{"footnotes":""},"categories":[1],"tags":[],"class_list":["post-50957","post","type-post","status-publish","format-standard","has-post-thumbnail","hentry","category-sin-categoria"],"_links":{"self":[{"href":"http:\/\/fmdelpueblo.ar\/index.php?rest_route=\/wp\/v2\/posts\/50957","targetHints":{"allow":["GET"]}}],"collection":[{"href":"http:\/\/fmdelpueblo.ar\/index.php?rest_route=\/wp\/v2\/posts"}],"about":[{"href":"http:\/\/fmdelpueblo.ar\/index.php?rest_route=\/wp\/v2\/types\/post"}],"replies":[{"embeddable":true,"href":"http:\/\/fmdelpueblo.ar\/index.php?rest_route=%2Fwp%2Fv2%2Fcomments&post=50957"}],"version-history":[{"count":0,"href":"http:\/\/fmdelpueblo.ar\/index.php?rest_route=\/wp\/v2\/posts\/50957\/revisions"}],"wp:attachment":[{"href":"http:\/\/fmdelpueblo.ar\/index.php?rest_route=%2Fwp%2Fv2%2Fmedia&parent=50957"}],"wp:term":[{"taxonomy":"category","embeddable":true,"href":"http:\/\/fmdelpueblo.ar\/index.php?rest_route=%2Fwp%2Fv2%2Fcategories&post=50957"},{"taxonomy":"post_tag","embeddable":true,"href":"http:\/\/fmdelpueblo.ar\/index.php?rest_route=%2Fwp%2Fv2%2Ftags&post=50957"}],"curies":[{"name":"wp","href":"https:\/\/api.w.org\/{rel}","templated":true}]}}