{"id":50952,"date":"2026-09-01T21:08:57","date_gmt":"2026-09-02T00:08:57","guid":{"rendered":"https:\/\/fmdelpueblo.ar\/?p=50952"},"modified":"2026-09-01T21:08:57","modified_gmt":"2026-09-02T00:08:57","slug":"las-malvinas-trump-y-el-fantasma-de-venezuela","status":"publish","type":"post","link":"http:\/\/fmdelpueblo.ar\/?p=50952","title":{"rendered":"Las Malvinas, Trump y el fantasma de Venezuela"},"content":{"rendered":"<p>A modo de antecedente sobre la disputa con Londres, es interesante cu\u00e1ntas veces el mandatario estadounidense ha cambiado de opini\u00f3n sobre la guerra contra Ir\u00e1n.Los motivos que llevaron a Javier Milei a subirse r\u00e1pidamente a la ola malvinera.<\/p>","protected":false},"excerpt":{"rendered":"<p>A modo de antecedente sobre la disputa con Londres, es interesante cu\u00e1ntas veces el mandatario estadounidense ha cambiado de opini\u00f3n sobre la guerra contra Ir\u00e1n.Los motivos que llevaron a Javier Milei a subirse r\u00e1pidamente a la ola malvinera.<\/p>\n","protected":false},"author":0,"featured_media":0,"comment_status":"","ping_status":"","sticky":false,"template":"","format":"standard","meta":{"footnotes":""},"categories":[1],"tags":[],"class_list":["post-50952","post","type-post","status-publish","format-standard","has-post-thumbnail","hentry","category-sin-categoria"],"_links":{"self":[{"href":"http:\/\/fmdelpueblo.ar\/index.php?rest_route=\/wp\/v2\/posts\/50952","targetHints":{"allow":["GET"]}}],"collection":[{"href":"http:\/\/fmdelpueblo.ar\/index.php?rest_route=\/wp\/v2\/posts"}],"about":[{"href":"http:\/\/fmdelpueblo.ar\/index.php?rest_route=\/wp\/v2\/types\/post"}],"replies":[{"embeddable":true,"href":"http:\/\/fmdelpueblo.ar\/index.php?rest_route=%2Fwp%2Fv2%2Fcomments&post=50952"}],"version-history":[{"count":0,"href":"http:\/\/fmdelpueblo.ar\/index.php?rest_route=\/wp\/v2\/posts\/50952\/revisions"}],"wp:attachment":[{"href":"http:\/\/fmdelpueblo.ar\/index.php?rest_route=%2Fwp%2Fv2%2Fmedia&parent=50952"}],"wp:term":[{"taxonomy":"category","embeddable":true,"href":"http:\/\/fmdelpueblo.ar\/index.php?rest_route=%2Fwp%2Fv2%2Fcategories&post=50952"},{"taxonomy":"post_tag","embeddable":true,"href":"http:\/\/fmdelpueblo.ar\/index.php?rest_route=%2Fwp%2Fv2%2Ftags&post=50952"}],"curies":[{"name":"wp","href":"https:\/\/api.w.org\/{rel}","templated":true}]}}