{"id":50951,"date":"2026-09-01T21:08:56","date_gmt":"2026-09-02T00:08:56","guid":{"rendered":"https:\/\/fmdelpueblo.ar\/?p=50951"},"modified":"2026-09-01T21:08:56","modified_gmt":"2026-09-02T00:08:56","slug":"estos-seran-los-signos-mas-beneficiados-de-septiembre-segun-la-astrologia","status":"publish","type":"post","link":"http:\/\/fmdelpueblo.ar\/?p=50951","title":{"rendered":"Estos ser\u00e1n los signos m\u00e1s beneficiados de septiembre, seg\u00fan la astrolog\u00eda"},"content":{"rendered":"<p>Qu\u00e9 le espera al mes de la primavera y cu\u00e1les ser\u00e1n los tr\u00e1nsitos m\u00e1s importantes. Qu\u00e9 signos se ver\u00e1n favorecidos, seg\u00fan la astr\u00f3loga Lourdes Ferro. <\/p>","protected":false},"excerpt":{"rendered":"<p>Qu\u00e9 le espera al mes de la primavera y cu\u00e1les ser\u00e1n los tr\u00e1nsitos m\u00e1s importantes. Qu\u00e9 signos se ver\u00e1n favorecidos, seg\u00fan la astr\u00f3loga Lourdes Ferro.<\/p>\n","protected":false},"author":0,"featured_media":0,"comment_status":"","ping_status":"","sticky":false,"template":"","format":"standard","meta":{"footnotes":""},"categories":[1],"tags":[],"class_list":["post-50951","post","type-post","status-publish","format-standard","has-post-thumbnail","hentry","category-sin-categoria"],"_links":{"self":[{"href":"http:\/\/fmdelpueblo.ar\/index.php?rest_route=\/wp\/v2\/posts\/50951","targetHints":{"allow":["GET"]}}],"collection":[{"href":"http:\/\/fmdelpueblo.ar\/index.php?rest_route=\/wp\/v2\/posts"}],"about":[{"href":"http:\/\/fmdelpueblo.ar\/index.php?rest_route=\/wp\/v2\/types\/post"}],"replies":[{"embeddable":true,"href":"http:\/\/fmdelpueblo.ar\/index.php?rest_route=%2Fwp%2Fv2%2Fcomments&post=50951"}],"version-history":[{"count":0,"href":"http:\/\/fmdelpueblo.ar\/index.php?rest_route=\/wp\/v2\/posts\/50951\/revisions"}],"wp:attachment":[{"href":"http:\/\/fmdelpueblo.ar\/index.php?rest_route=%2Fwp%2Fv2%2Fmedia&parent=50951"}],"wp:term":[{"taxonomy":"category","embeddable":true,"href":"http:\/\/fmdelpueblo.ar\/index.php?rest_route=%2Fwp%2Fv2%2Fcategories&post=50951"},{"taxonomy":"post_tag","embeddable":true,"href":"http:\/\/fmdelpueblo.ar\/index.php?rest_route=%2Fwp%2Fv2%2Ftags&post=50951"}],"curies":[{"name":"wp","href":"https:\/\/api.w.org\/{rel}","templated":true}]}}