{"id":50949,"date":"2026-09-01T21:08:55","date_gmt":"2026-09-02T00:08:55","guid":{"rendered":"https:\/\/fmdelpueblo.ar\/?p=50949"},"modified":"2026-09-01T21:08:55","modified_gmt":"2026-09-02T00:08:55","slug":"la-conmovedora-carta-de-despedida-de-la-hija-de-ruben-rada-a-su-papa-una-parte-de-mi-lo-creia-inmortal","status":"publish","type":"post","link":"http:\/\/fmdelpueblo.ar\/?p=50949","title":{"rendered":"La conmovedora carta de despedida de la hija de Ruben Rada a su pap\u00e1: \u201cUna parte de m\u00ed lo cre\u00eda inmortal\u201d"},"content":{"rendered":"<p>Tras el multitudinario adi\u00f3s en Montevideo, Julieta Rada homenaje\u00f3 a su padre con unas emotivas palabras.Expres\u00f3 su gratitud hacia los fan\u00e1ticos por el acompa\u00f1amiento que recibi\u00f3 en este duro momento.<\/p>","protected":false},"excerpt":{"rendered":"<p>Tras el multitudinario adi\u00f3s en Montevideo, Julieta Rada homenaje\u00f3 a su padre con unas emotivas palabras.Expres\u00f3 su gratitud hacia los fan\u00e1ticos por el acompa\u00f1amiento que recibi\u00f3 en este duro momento.<\/p>\n","protected":false},"author":0,"featured_media":0,"comment_status":"","ping_status":"","sticky":false,"template":"","format":"standard","meta":{"footnotes":""},"categories":[1],"tags":[],"class_list":["post-50949","post","type-post","status-publish","format-standard","has-post-thumbnail","hentry","category-sin-categoria"],"_links":{"self":[{"href":"http:\/\/fmdelpueblo.ar\/index.php?rest_route=\/wp\/v2\/posts\/50949","targetHints":{"allow":["GET"]}}],"collection":[{"href":"http:\/\/fmdelpueblo.ar\/index.php?rest_route=\/wp\/v2\/posts"}],"about":[{"href":"http:\/\/fmdelpueblo.ar\/index.php?rest_route=\/wp\/v2\/types\/post"}],"replies":[{"embeddable":true,"href":"http:\/\/fmdelpueblo.ar\/index.php?rest_route=%2Fwp%2Fv2%2Fcomments&post=50949"}],"version-history":[{"count":0,"href":"http:\/\/fmdelpueblo.ar\/index.php?rest_route=\/wp\/v2\/posts\/50949\/revisions"}],"wp:attachment":[{"href":"http:\/\/fmdelpueblo.ar\/index.php?rest_route=%2Fwp%2Fv2%2Fmedia&parent=50949"}],"wp:term":[{"taxonomy":"category","embeddable":true,"href":"http:\/\/fmdelpueblo.ar\/index.php?rest_route=%2Fwp%2Fv2%2Fcategories&post=50949"},{"taxonomy":"post_tag","embeddable":true,"href":"http:\/\/fmdelpueblo.ar\/index.php?rest_route=%2Fwp%2Fv2%2Ftags&post=50949"}],"curies":[{"name":"wp","href":"https:\/\/api.w.org\/{rel}","templated":true}]}}