{"id":50948,"date":"2026-09-01T21:08:55","date_gmt":"2026-09-02T00:08:55","guid":{"rendered":"https:\/\/fmdelpueblo.ar\/?p=50948"},"modified":"2026-09-01T21:08:55","modified_gmt":"2026-09-02T00:08:55","slug":"robo-al-excampeon-del-tc-walter-hernandez-detuvieron-a-un-sospechoso-y-secuestraron-una-camioneta-vinculada-al-asalto","status":"publish","type":"post","link":"http:\/\/fmdelpueblo.ar\/?p=50948","title":{"rendered":"Robo al excampe\u00f3n del TC Walter Hern\u00e1ndez: detuvieron a un sospechoso y secuestraron una camioneta vinculada al asalto"},"content":{"rendered":"<p>Un hombre de 33 a\u00f1os fue arrestado en un barrio sobre la ruta 88, al oeste de la ciudad balnearia.El veh\u00edculo que encontr\u00f3 la Polic\u00eda ten\u00eda impactos de bala y perdigones en el habit\u00e1culo.<\/p>","protected":false},"excerpt":{"rendered":"<p>Un hombre de 33 a\u00f1os fue arrestado en un barrio sobre la ruta 88, al oeste de la ciudad balnearia.El veh\u00edculo que encontr\u00f3 la Polic\u00eda ten\u00eda impactos de bala y perdigones en el habit\u00e1culo.<\/p>\n","protected":false},"author":0,"featured_media":0,"comment_status":"","ping_status":"","sticky":false,"template":"","format":"standard","meta":{"footnotes":""},"categories":[1],"tags":[],"class_list":["post-50948","post","type-post","status-publish","format-standard","has-post-thumbnail","hentry","category-sin-categoria"],"_links":{"self":[{"href":"http:\/\/fmdelpueblo.ar\/index.php?rest_route=\/wp\/v2\/posts\/50948","targetHints":{"allow":["GET"]}}],"collection":[{"href":"http:\/\/fmdelpueblo.ar\/index.php?rest_route=\/wp\/v2\/posts"}],"about":[{"href":"http:\/\/fmdelpueblo.ar\/index.php?rest_route=\/wp\/v2\/types\/post"}],"replies":[{"embeddable":true,"href":"http:\/\/fmdelpueblo.ar\/index.php?rest_route=%2Fwp%2Fv2%2Fcomments&post=50948"}],"version-history":[{"count":0,"href":"http:\/\/fmdelpueblo.ar\/index.php?rest_route=\/wp\/v2\/posts\/50948\/revisions"}],"wp:attachment":[{"href":"http:\/\/fmdelpueblo.ar\/index.php?rest_route=%2Fwp%2Fv2%2Fmedia&parent=50948"}],"wp:term":[{"taxonomy":"category","embeddable":true,"href":"http:\/\/fmdelpueblo.ar\/index.php?rest_route=%2Fwp%2Fv2%2Fcategories&post=50948"},{"taxonomy":"post_tag","embeddable":true,"href":"http:\/\/fmdelpueblo.ar\/index.php?rest_route=%2Fwp%2Fv2%2Ftags&post=50948"}],"curies":[{"name":"wp","href":"https:\/\/api.w.org\/{rel}","templated":true}]}}