{"id":50946,"date":"2026-09-01T20:09:26","date_gmt":"2026-09-01T23:09:26","guid":{"rendered":"https:\/\/fmdelpueblo.ar\/?p=50946"},"modified":"2026-09-01T20:09:26","modified_gmt":"2026-09-01T23:09:26","slug":"choque-y-descarrilamiento-en-tucuman-un-tren-del-belgrano-cargas-embistio-a-un-camion-de-limones-que-cruzo-mal-la-via","status":"publish","type":"post","link":"http:\/\/fmdelpueblo.ar\/?p=50946","title":{"rendered":"Choque y descarrilamiento en Tucum\u00e1n: un tren del Belgrano Cargas embisti\u00f3 a un cami\u00f3n de limones que cruz\u00f3 mal la v\u00eda"},"content":{"rendered":"<p>El accidente se provoc\u00f3 porque el cami\u00f3n intent\u00f3 cruzar la v\u00eda segundos antes de que pasara el tren.El episodio qued\u00f3 grabado por las c\u00e1maras de seguridad de la Polic\u00eda local.A pesar de la fuerza de la colisi\u00f3n, tanto el maquinista como el camionero salieron ilesos.<\/p>","protected":false},"excerpt":{"rendered":"<p>El accidente se provoc\u00f3 porque el cami\u00f3n intent\u00f3 cruzar la v\u00eda segundos antes de que pasara el tren.El episodio qued\u00f3 grabado por las c\u00e1maras de seguridad de la Polic\u00eda local.A pesar de la fuerza de la colisi\u00f3n, tanto el maquinista como el camionero salieron ilesos.<\/p>\n","protected":false},"author":0,"featured_media":0,"comment_status":"","ping_status":"","sticky":false,"template":"","format":"standard","meta":{"footnotes":""},"categories":[1],"tags":[],"class_list":["post-50946","post","type-post","status-publish","format-standard","has-post-thumbnail","hentry","category-sin-categoria"],"_links":{"self":[{"href":"http:\/\/fmdelpueblo.ar\/index.php?rest_route=\/wp\/v2\/posts\/50946","targetHints":{"allow":["GET"]}}],"collection":[{"href":"http:\/\/fmdelpueblo.ar\/index.php?rest_route=\/wp\/v2\/posts"}],"about":[{"href":"http:\/\/fmdelpueblo.ar\/index.php?rest_route=\/wp\/v2\/types\/post"}],"replies":[{"embeddable":true,"href":"http:\/\/fmdelpueblo.ar\/index.php?rest_route=%2Fwp%2Fv2%2Fcomments&post=50946"}],"version-history":[{"count":0,"href":"http:\/\/fmdelpueblo.ar\/index.php?rest_route=\/wp\/v2\/posts\/50946\/revisions"}],"wp:attachment":[{"href":"http:\/\/fmdelpueblo.ar\/index.php?rest_route=%2Fwp%2Fv2%2Fmedia&parent=50946"}],"wp:term":[{"taxonomy":"category","embeddable":true,"href":"http:\/\/fmdelpueblo.ar\/index.php?rest_route=%2Fwp%2Fv2%2Fcategories&post=50946"},{"taxonomy":"post_tag","embeddable":true,"href":"http:\/\/fmdelpueblo.ar\/index.php?rest_route=%2Fwp%2Fv2%2Ftags&post=50946"}],"curies":[{"name":"wp","href":"https:\/\/api.w.org\/{rel}","templated":true}]}}