{"id":50943,"date":"2026-09-01T20:09:24","date_gmt":"2026-09-01T23:09:24","guid":{"rendered":"https:\/\/fmdelpueblo.ar\/?p=50943"},"modified":"2026-09-01T20:09:24","modified_gmt":"2026-09-01T23:09:24","slug":"otra-vez-formosa-en-la-corte","status":"publish","type":"post","link":"http:\/\/fmdelpueblo.ar\/?p=50943","title":{"rendered":"Otra vez Formosa en la Corte"},"content":{"rendered":"<p>Hoy, nuevamente, se le presenta a la Corte Suprema una oportunidad para expedirse sobre una cuesti\u00f3n tan importante como lo es la reelecci\u00f3n indefinida del gobernador Insfr\u00e1n.<\/p>","protected":false},"excerpt":{"rendered":"<p>Hoy, nuevamente, se le presenta a la Corte Suprema una oportunidad para expedirse sobre una cuesti\u00f3n tan importante como lo es la reelecci\u00f3n indefinida del gobernador Insfr\u00e1n.<\/p>\n","protected":false},"author":0,"featured_media":0,"comment_status":"","ping_status":"","sticky":false,"template":"","format":"standard","meta":{"footnotes":""},"categories":[1],"tags":[],"class_list":["post-50943","post","type-post","status-publish","format-standard","has-post-thumbnail","hentry","category-sin-categoria"],"_links":{"self":[{"href":"http:\/\/fmdelpueblo.ar\/index.php?rest_route=\/wp\/v2\/posts\/50943","targetHints":{"allow":["GET"]}}],"collection":[{"href":"http:\/\/fmdelpueblo.ar\/index.php?rest_route=\/wp\/v2\/posts"}],"about":[{"href":"http:\/\/fmdelpueblo.ar\/index.php?rest_route=\/wp\/v2\/types\/post"}],"replies":[{"embeddable":true,"href":"http:\/\/fmdelpueblo.ar\/index.php?rest_route=%2Fwp%2Fv2%2Fcomments&post=50943"}],"version-history":[{"count":0,"href":"http:\/\/fmdelpueblo.ar\/index.php?rest_route=\/wp\/v2\/posts\/50943\/revisions"}],"wp:attachment":[{"href":"http:\/\/fmdelpueblo.ar\/index.php?rest_route=%2Fwp%2Fv2%2Fmedia&parent=50943"}],"wp:term":[{"taxonomy":"category","embeddable":true,"href":"http:\/\/fmdelpueblo.ar\/index.php?rest_route=%2Fwp%2Fv2%2Fcategories&post=50943"},{"taxonomy":"post_tag","embeddable":true,"href":"http:\/\/fmdelpueblo.ar\/index.php?rest_route=%2Fwp%2Fv2%2Ftags&post=50943"}],"curies":[{"name":"wp","href":"https:\/\/api.w.org\/{rel}","templated":true}]}}