{"id":50942,"date":"2026-09-01T20:09:24","date_gmt":"2026-09-01T23:09:24","guid":{"rendered":"https:\/\/fmdelpueblo.ar\/?p=50942"},"modified":"2026-09-01T20:09:24","modified_gmt":"2026-09-01T23:09:24","slug":"bebe-record-a-los-5-meses-comenzo-a-pintar-y-antes-de-cumplir-1-ano-ingreso-al-libro-guinness-con-obras-de-arte-que-elogian-en-el-mundo","status":"publish","type":"post","link":"http:\/\/fmdelpueblo.ar\/?p=50942","title":{"rendered":"Beb\u00e9 r\u00e9cord: a los 5 meses comenz\u00f3 a pintar y antes de cumplir 1 a\u00f1o ingres\u00f3 al Libro Guinness con obras de arte que elogian en el mundo"},"content":{"rendered":"<p>John Christian Caldeira Weibull convirti\u00f3 sus primeros trazos abstractos en cuadros reconocidos en el mundo. <\/p>","protected":false},"excerpt":{"rendered":"<p>John Christian Caldeira Weibull convirti\u00f3 sus primeros trazos abstractos en cuadros reconocidos en el mundo.<\/p>\n","protected":false},"author":0,"featured_media":0,"comment_status":"","ping_status":"","sticky":false,"template":"","format":"standard","meta":{"footnotes":""},"categories":[1],"tags":[],"class_list":["post-50942","post","type-post","status-publish","format-standard","has-post-thumbnail","hentry","category-sin-categoria"],"_links":{"self":[{"href":"http:\/\/fmdelpueblo.ar\/index.php?rest_route=\/wp\/v2\/posts\/50942","targetHints":{"allow":["GET"]}}],"collection":[{"href":"http:\/\/fmdelpueblo.ar\/index.php?rest_route=\/wp\/v2\/posts"}],"about":[{"href":"http:\/\/fmdelpueblo.ar\/index.php?rest_route=\/wp\/v2\/types\/post"}],"replies":[{"embeddable":true,"href":"http:\/\/fmdelpueblo.ar\/index.php?rest_route=%2Fwp%2Fv2%2Fcomments&post=50942"}],"version-history":[{"count":0,"href":"http:\/\/fmdelpueblo.ar\/index.php?rest_route=\/wp\/v2\/posts\/50942\/revisions"}],"wp:attachment":[{"href":"http:\/\/fmdelpueblo.ar\/index.php?rest_route=%2Fwp%2Fv2%2Fmedia&parent=50942"}],"wp:term":[{"taxonomy":"category","embeddable":true,"href":"http:\/\/fmdelpueblo.ar\/index.php?rest_route=%2Fwp%2Fv2%2Fcategories&post=50942"},{"taxonomy":"post_tag","embeddable":true,"href":"http:\/\/fmdelpueblo.ar\/index.php?rest_route=%2Fwp%2Fv2%2Ftags&post=50942"}],"curies":[{"name":"wp","href":"https:\/\/api.w.org\/{rel}","templated":true}]}}