{"id":50941,"date":"2026-09-01T20:09:23","date_gmt":"2026-09-01T23:09:23","guid":{"rendered":"https:\/\/fmdelpueblo.ar\/?p=50941"},"modified":"2026-09-01T20:09:23","modified_gmt":"2026-09-01T23:09:23","slug":"hijo-de-maduro-dice-que-sigue-luchando-por-liberar-a-su-padre-tras-casi-ocho-meses-preso","status":"publish","type":"post","link":"http:\/\/fmdelpueblo.ar\/?p=50941","title":{"rendered":"Hijo de Maduro dice que sigue luchando por liberar a su padre tras casi ocho meses preso"},"content":{"rendered":"<p>El hijo del exmandatario venezolano, Nicol\u00e1s Maduro Guerra, expresa su esperanza en la pronta liberaci\u00f3n de sus padres detenidos en EE.UU. En un video, el diputado comparte detalles sobre la situaci\u00f3n de su padre, quien enfrenta cargos en Nueva York, y el reciente acuerdo petrolero.<\/p>","protected":false},"excerpt":{"rendered":"<p>El hijo del exmandatario venezolano, Nicol\u00e1s Maduro Guerra, expresa su esperanza en la pronta liberaci\u00f3n de sus padres detenidos en EE.UU. En un video, el diputado comparte detalles sobre la situaci\u00f3n de su padre, quien enfrenta cargos en Nueva York, y el reciente acuerdo petrolero.<\/p>\n","protected":false},"author":0,"featured_media":0,"comment_status":"","ping_status":"","sticky":false,"template":"","format":"standard","meta":{"footnotes":""},"categories":[1],"tags":[],"class_list":["post-50941","post","type-post","status-publish","format-standard","has-post-thumbnail","hentry","category-sin-categoria"],"_links":{"self":[{"href":"http:\/\/fmdelpueblo.ar\/index.php?rest_route=\/wp\/v2\/posts\/50941","targetHints":{"allow":["GET"]}}],"collection":[{"href":"http:\/\/fmdelpueblo.ar\/index.php?rest_route=\/wp\/v2\/posts"}],"about":[{"href":"http:\/\/fmdelpueblo.ar\/index.php?rest_route=\/wp\/v2\/types\/post"}],"replies":[{"embeddable":true,"href":"http:\/\/fmdelpueblo.ar\/index.php?rest_route=%2Fwp%2Fv2%2Fcomments&post=50941"}],"version-history":[{"count":0,"href":"http:\/\/fmdelpueblo.ar\/index.php?rest_route=\/wp\/v2\/posts\/50941\/revisions"}],"wp:attachment":[{"href":"http:\/\/fmdelpueblo.ar\/index.php?rest_route=%2Fwp%2Fv2%2Fmedia&parent=50941"}],"wp:term":[{"taxonomy":"category","embeddable":true,"href":"http:\/\/fmdelpueblo.ar\/index.php?rest_route=%2Fwp%2Fv2%2Fcategories&post=50941"},{"taxonomy":"post_tag","embeddable":true,"href":"http:\/\/fmdelpueblo.ar\/index.php?rest_route=%2Fwp%2Fv2%2Ftags&post=50941"}],"curies":[{"name":"wp","href":"https:\/\/api.w.org\/{rel}","templated":true}]}}