{"id":50939,"date":"2026-09-01T20:09:22","date_gmt":"2026-09-01T23:09:22","guid":{"rendered":"https:\/\/fmdelpueblo.ar\/?p=50939"},"modified":"2026-09-01T20:09:22","modified_gmt":"2026-09-01T23:09:22","slug":"lizy-tagliani-celebro-los-seis-anos-de-su-hijo-tati-todas-las-fotos-del-album-familiar","status":"publish","type":"post","link":"http:\/\/fmdelpueblo.ar\/?p=50939","title":{"rendered":"Lizy Tagliani celebr\u00f3 los seis a\u00f1os de su hijo, Tati: todas las fotos del \u00e1lbum familiar"},"content":{"rendered":"<p>La fiesta tuvo como tem\u00e1tica del personaje Sonic.Dijeron presente, entre otras, Vicky Xipolitakis y Barbie Franco, adem\u00e1s de familiares y amigos del cumplea\u00f1ero.<\/p>","protected":false},"excerpt":{"rendered":"<p>La fiesta tuvo como tem\u00e1tica del personaje Sonic.Dijeron presente, entre otras, Vicky Xipolitakis y Barbie Franco, adem\u00e1s de familiares y amigos del cumplea\u00f1ero.<\/p>\n","protected":false},"author":0,"featured_media":0,"comment_status":"","ping_status":"","sticky":false,"template":"","format":"standard","meta":{"footnotes":""},"categories":[1],"tags":[],"class_list":["post-50939","post","type-post","status-publish","format-standard","has-post-thumbnail","hentry","category-sin-categoria"],"_links":{"self":[{"href":"http:\/\/fmdelpueblo.ar\/index.php?rest_route=\/wp\/v2\/posts\/50939","targetHints":{"allow":["GET"]}}],"collection":[{"href":"http:\/\/fmdelpueblo.ar\/index.php?rest_route=\/wp\/v2\/posts"}],"about":[{"href":"http:\/\/fmdelpueblo.ar\/index.php?rest_route=\/wp\/v2\/types\/post"}],"replies":[{"embeddable":true,"href":"http:\/\/fmdelpueblo.ar\/index.php?rest_route=%2Fwp%2Fv2%2Fcomments&post=50939"}],"version-history":[{"count":0,"href":"http:\/\/fmdelpueblo.ar\/index.php?rest_route=\/wp\/v2\/posts\/50939\/revisions"}],"wp:attachment":[{"href":"http:\/\/fmdelpueblo.ar\/index.php?rest_route=%2Fwp%2Fv2%2Fmedia&parent=50939"}],"wp:term":[{"taxonomy":"category","embeddable":true,"href":"http:\/\/fmdelpueblo.ar\/index.php?rest_route=%2Fwp%2Fv2%2Fcategories&post=50939"},{"taxonomy":"post_tag","embeddable":true,"href":"http:\/\/fmdelpueblo.ar\/index.php?rest_route=%2Fwp%2Fv2%2Ftags&post=50939"}],"curies":[{"name":"wp","href":"https:\/\/api.w.org\/{rel}","templated":true}]}}