{"id":50938,"date":"2026-09-01T20:09:22","date_gmt":"2026-09-01T23:09:22","guid":{"rendered":"https:\/\/fmdelpueblo.ar\/?p=50938"},"modified":"2026-09-01T20:09:22","modified_gmt":"2026-09-01T23:09:22","slug":"turismo-cubano-cae-62-en-siete-meses-tras-imposicion-de-sanciones-de-eeuu","status":"publish","type":"post","link":"http:\/\/fmdelpueblo.ar\/?p=50938","title":{"rendered":"Turismo cubano cae 62% en siete meses tras imposici\u00f3n de sanciones de EEUU"},"content":{"rendered":"<p>El flujo de viajeros hacia la isla sufri\u00f3 una dr\u00e1stica disminuci\u00f3n, impactando gravemente en la econom\u00eda local y el sector tur\u00edstico.Sanciones estadounidenses y restricciones energ\u00e9ticas han forzado a empresas extranjeras a cesar operaciones, agravando la situaci\u00f3n.<\/p>","protected":false},"excerpt":{"rendered":"<p>El flujo de viajeros hacia la isla sufri\u00f3 una dr\u00e1stica disminuci\u00f3n, impactando gravemente en la econom\u00eda local y el sector tur\u00edstico.Sanciones estadounidenses y restricciones energ\u00e9ticas han forzado a empresas extranjeras a cesar operaciones, agravando la situaci\u00f3n.<\/p>\n","protected":false},"author":0,"featured_media":0,"comment_status":"","ping_status":"","sticky":false,"template":"","format":"standard","meta":{"footnotes":""},"categories":[1],"tags":[],"class_list":["post-50938","post","type-post","status-publish","format-standard","has-post-thumbnail","hentry","category-sin-categoria"],"_links":{"self":[{"href":"http:\/\/fmdelpueblo.ar\/index.php?rest_route=\/wp\/v2\/posts\/50938","targetHints":{"allow":["GET"]}}],"collection":[{"href":"http:\/\/fmdelpueblo.ar\/index.php?rest_route=\/wp\/v2\/posts"}],"about":[{"href":"http:\/\/fmdelpueblo.ar\/index.php?rest_route=\/wp\/v2\/types\/post"}],"replies":[{"embeddable":true,"href":"http:\/\/fmdelpueblo.ar\/index.php?rest_route=%2Fwp%2Fv2%2Fcomments&post=50938"}],"version-history":[{"count":0,"href":"http:\/\/fmdelpueblo.ar\/index.php?rest_route=\/wp\/v2\/posts\/50938\/revisions"}],"wp:attachment":[{"href":"http:\/\/fmdelpueblo.ar\/index.php?rest_route=%2Fwp%2Fv2%2Fmedia&parent=50938"}],"wp:term":[{"taxonomy":"category","embeddable":true,"href":"http:\/\/fmdelpueblo.ar\/index.php?rest_route=%2Fwp%2Fv2%2Fcategories&post=50938"},{"taxonomy":"post_tag","embeddable":true,"href":"http:\/\/fmdelpueblo.ar\/index.php?rest_route=%2Fwp%2Fv2%2Ftags&post=50938"}],"curies":[{"name":"wp","href":"https:\/\/api.w.org\/{rel}","templated":true}]}}