{"id":50936,"date":"2026-09-01T19:09:24","date_gmt":"2026-09-01T22:09:24","guid":{"rendered":"http:\/\/fmdelpueblo.ar\/?p=50936"},"modified":"2026-09-01T19:09:24","modified_gmt":"2026-09-01T22:09:24","slug":"murio-el-hombre-que-habia-sido-atropellado-por-un-patrullero-de-la-policia-bonaerense-que-iba-a-asistir-una-emergencia-del-911","status":"publish","type":"post","link":"http:\/\/fmdelpueblo.ar\/?p=50936","title":{"rendered":"Muri\u00f3 el hombre que hab\u00eda sido atropellado por un patrullero de la Polic\u00eda Bonaerense que iba a asistir una emergencia del 911"},"content":{"rendered":"<p>Nicol\u00e1s Romero, de 31 a\u00f1os, circulaba en bicicleta en el barrio Don Orione de Almirante Brown, cuando fue embestido.El ciclista estuvo m\u00e1s de dos semanas internado y falleci\u00f3 este martes producto de las graves heridas.<\/p>","protected":false},"excerpt":{"rendered":"<p>Nicol\u00e1s Romero, de 31 a\u00f1os, circulaba en bicicleta en el barrio Don Orione de Almirante Brown, cuando fue embestido.El ciclista estuvo m\u00e1s de dos semanas internado y falleci\u00f3 este martes producto de las graves heridas.<\/p>\n","protected":false},"author":0,"featured_media":0,"comment_status":"","ping_status":"","sticky":false,"template":"","format":"standard","meta":{"footnotes":""},"categories":[1],"tags":[],"class_list":["post-50936","post","type-post","status-publish","format-standard","has-post-thumbnail","hentry","category-sin-categoria"],"_links":{"self":[{"href":"http:\/\/fmdelpueblo.ar\/index.php?rest_route=\/wp\/v2\/posts\/50936","targetHints":{"allow":["GET"]}}],"collection":[{"href":"http:\/\/fmdelpueblo.ar\/index.php?rest_route=\/wp\/v2\/posts"}],"about":[{"href":"http:\/\/fmdelpueblo.ar\/index.php?rest_route=\/wp\/v2\/types\/post"}],"replies":[{"embeddable":true,"href":"http:\/\/fmdelpueblo.ar\/index.php?rest_route=%2Fwp%2Fv2%2Fcomments&post=50936"}],"version-history":[{"count":0,"href":"http:\/\/fmdelpueblo.ar\/index.php?rest_route=\/wp\/v2\/posts\/50936\/revisions"}],"wp:attachment":[{"href":"http:\/\/fmdelpueblo.ar\/index.php?rest_route=%2Fwp%2Fv2%2Fmedia&parent=50936"}],"wp:term":[{"taxonomy":"category","embeddable":true,"href":"http:\/\/fmdelpueblo.ar\/index.php?rest_route=%2Fwp%2Fv2%2Fcategories&post=50936"},{"taxonomy":"post_tag","embeddable":true,"href":"http:\/\/fmdelpueblo.ar\/index.php?rest_route=%2Fwp%2Fv2%2Ftags&post=50936"}],"curies":[{"name":"wp","href":"https:\/\/api.w.org\/{rel}","templated":true}]}}