{"id":50930,"date":"2026-09-01T19:09:20","date_gmt":"2026-09-01T22:09:20","guid":{"rendered":"http:\/\/fmdelpueblo.ar\/?p=50930"},"modified":"2026-09-01T19:09:20","modified_gmt":"2026-09-01T22:09:20","slug":"enzo-fernandez-al-manchester-city-mejoro-su-propio-monto-record-de-transferencias-y-lidera-el-top-10-de-las-ventas-de-argentinos","status":"publish","type":"post","link":"http:\/\/fmdelpueblo.ar\/?p=50930","title":{"rendered":"Enzo Fern\u00e1ndez al Manchester City: mejor\u00f3 su propio monto r\u00e9cord de transferencias y lidera el top 10 de las ventas de argentinos"},"content":{"rendered":"<p>El mediocampista de 25 a\u00f1os dej\u00f3 el Chelsea, que lo hab\u00eda comprado al Benfica de Portugal despu\u00e9s de ser campe\u00f3n del mundo en una cifra hist\u00f3rica.Adem\u00e1s, hay otro jugador cuyas dos transferencias est\u00e1n en el Top 10 de los futbolistas argentinos.<\/p>","protected":false},"excerpt":{"rendered":"<p>El mediocampista de 25 a\u00f1os dej\u00f3 el Chelsea, que lo hab\u00eda comprado al Benfica de Portugal despu\u00e9s de ser campe\u00f3n del mundo en una cifra hist\u00f3rica.Adem\u00e1s, hay otro jugador cuyas dos transferencias est\u00e1n en el Top 10 de los futbolistas argentinos.<\/p>\n","protected":false},"author":0,"featured_media":0,"comment_status":"","ping_status":"","sticky":false,"template":"","format":"standard","meta":{"footnotes":""},"categories":[1],"tags":[],"class_list":["post-50930","post","type-post","status-publish","format-standard","has-post-thumbnail","hentry","category-sin-categoria"],"_links":{"self":[{"href":"http:\/\/fmdelpueblo.ar\/index.php?rest_route=\/wp\/v2\/posts\/50930","targetHints":{"allow":["GET"]}}],"collection":[{"href":"http:\/\/fmdelpueblo.ar\/index.php?rest_route=\/wp\/v2\/posts"}],"about":[{"href":"http:\/\/fmdelpueblo.ar\/index.php?rest_route=\/wp\/v2\/types\/post"}],"replies":[{"embeddable":true,"href":"http:\/\/fmdelpueblo.ar\/index.php?rest_route=%2Fwp%2Fv2%2Fcomments&post=50930"}],"version-history":[{"count":0,"href":"http:\/\/fmdelpueblo.ar\/index.php?rest_route=\/wp\/v2\/posts\/50930\/revisions"}],"wp:attachment":[{"href":"http:\/\/fmdelpueblo.ar\/index.php?rest_route=%2Fwp%2Fv2%2Fmedia&parent=50930"}],"wp:term":[{"taxonomy":"category","embeddable":true,"href":"http:\/\/fmdelpueblo.ar\/index.php?rest_route=%2Fwp%2Fv2%2Fcategories&post=50930"},{"taxonomy":"post_tag","embeddable":true,"href":"http:\/\/fmdelpueblo.ar\/index.php?rest_route=%2Fwp%2Fv2%2Ftags&post=50930"}],"curies":[{"name":"wp","href":"https:\/\/api.w.org\/{rel}","templated":true}]}}