{"id":50929,"date":"2026-09-01T19:09:19","date_gmt":"2026-09-01T22:09:19","guid":{"rendered":"http:\/\/fmdelpueblo.ar\/?p=50929"},"modified":"2026-09-01T19:09:19","modified_gmt":"2026-09-01T22:09:19","slug":"no-estaba-en-sus-cabales-para-dos-testigos-maradona-tendria-que-haber-sido-internado-en-una-clinica-psiquiatrica-y-hubo-cruces-con-las-defensas","status":"publish","type":"post","link":"http:\/\/fmdelpueblo.ar\/?p=50929","title":{"rendered":"\u00abNo estaba en sus cabales\u00bb: para dos testigos, Maradona tendr\u00eda que haber sido internado en una cl\u00ednica psiqui\u00e1trica y hubo cruces con las defensas"},"content":{"rendered":"<p>Un psiquiatra y un m\u00e9dico cl\u00ednico de la junta m\u00e9dica coincidieron en que el Diez requer\u00eda otro tipo de cuidados de los que recibi\u00f3 en la casa del barrio San Andr\u00e9s de Tigre. Hubo tensi\u00f3n con los abogados de Luque, Cosachov y D\u00edaz.Pidieron citar a Claudio Belocopitt, due\u00f1o de Swiss Medical, como testigo. <\/p>","protected":false},"excerpt":{"rendered":"<p>Un psiquiatra y un m\u00e9dico cl\u00ednico de la junta m\u00e9dica coincidieron en que el Diez requer\u00eda otro tipo de cuidados de los que recibi\u00f3 en la casa del barrio San Andr\u00e9s de Tigre. Hubo tensi\u00f3n con los abogados de Luque, Cosachov y D\u00edaz.Pidieron citar a Claudio Belocopitt, due\u00f1o de Swiss Medical, como testigo.<\/p>\n","protected":false},"author":0,"featured_media":0,"comment_status":"","ping_status":"","sticky":false,"template":"","format":"standard","meta":{"footnotes":""},"categories":[1],"tags":[],"class_list":["post-50929","post","type-post","status-publish","format-standard","has-post-thumbnail","hentry","category-sin-categoria"],"_links":{"self":[{"href":"http:\/\/fmdelpueblo.ar\/index.php?rest_route=\/wp\/v2\/posts\/50929","targetHints":{"allow":["GET"]}}],"collection":[{"href":"http:\/\/fmdelpueblo.ar\/index.php?rest_route=\/wp\/v2\/posts"}],"about":[{"href":"http:\/\/fmdelpueblo.ar\/index.php?rest_route=\/wp\/v2\/types\/post"}],"replies":[{"embeddable":true,"href":"http:\/\/fmdelpueblo.ar\/index.php?rest_route=%2Fwp%2Fv2%2Fcomments&post=50929"}],"version-history":[{"count":0,"href":"http:\/\/fmdelpueblo.ar\/index.php?rest_route=\/wp\/v2\/posts\/50929\/revisions"}],"wp:attachment":[{"href":"http:\/\/fmdelpueblo.ar\/index.php?rest_route=%2Fwp%2Fv2%2Fmedia&parent=50929"}],"wp:term":[{"taxonomy":"category","embeddable":true,"href":"http:\/\/fmdelpueblo.ar\/index.php?rest_route=%2Fwp%2Fv2%2Fcategories&post=50929"},{"taxonomy":"post_tag","embeddable":true,"href":"http:\/\/fmdelpueblo.ar\/index.php?rest_route=%2Fwp%2Fv2%2Ftags&post=50929"}],"curies":[{"name":"wp","href":"https:\/\/api.w.org\/{rel}","templated":true}]}}