{"id":50905,"date":"2026-09-01T16:09:07","date_gmt":"2026-09-01T19:09:07","guid":{"rendered":"https:\/\/fmdelpueblo.ar\/?p=50905"},"modified":"2026-09-01T16:09:07","modified_gmt":"2026-09-01T19:09:07","slug":"giulio-jubilado-italiano-de-70-anos-que-vive-en-canarias-estoy-contento-pero-no-todo-es-positivo","status":"publish","type":"post","link":"http:\/\/fmdelpueblo.ar\/?p=50905","title":{"rendered":"Giulio, jubilado italiano de 70 a\u00f1os que vive en Canarias: \u201cEstoy contento, pero no todo es positivo\u00bb"},"content":{"rendered":"<p>El hombre decidi\u00f3 dejar Italia y establecerse definitivamente en una de las islas m\u00e1s buscadas de Canarias. Hoy asegura que volver\u00eda a tomar la misma decisi\u00f3n, aunque hay varios aspectos de su nueva vida que lo sorprendieron.<\/p>","protected":false},"excerpt":{"rendered":"<p>El hombre decidi\u00f3 dejar Italia y establecerse definitivamente en una de las islas m\u00e1s buscadas de Canarias. Hoy asegura que volver\u00eda a tomar la misma decisi\u00f3n, aunque hay varios aspectos de su nueva vida que lo sorprendieron.<\/p>\n","protected":false},"author":0,"featured_media":0,"comment_status":"","ping_status":"","sticky":false,"template":"","format":"standard","meta":{"footnotes":""},"categories":[1],"tags":[],"class_list":["post-50905","post","type-post","status-publish","format-standard","has-post-thumbnail","hentry","category-sin-categoria"],"_links":{"self":[{"href":"http:\/\/fmdelpueblo.ar\/index.php?rest_route=\/wp\/v2\/posts\/50905","targetHints":{"allow":["GET"]}}],"collection":[{"href":"http:\/\/fmdelpueblo.ar\/index.php?rest_route=\/wp\/v2\/posts"}],"about":[{"href":"http:\/\/fmdelpueblo.ar\/index.php?rest_route=\/wp\/v2\/types\/post"}],"replies":[{"embeddable":true,"href":"http:\/\/fmdelpueblo.ar\/index.php?rest_route=%2Fwp%2Fv2%2Fcomments&post=50905"}],"version-history":[{"count":0,"href":"http:\/\/fmdelpueblo.ar\/index.php?rest_route=\/wp\/v2\/posts\/50905\/revisions"}],"wp:attachment":[{"href":"http:\/\/fmdelpueblo.ar\/index.php?rest_route=%2Fwp%2Fv2%2Fmedia&parent=50905"}],"wp:term":[{"taxonomy":"category","embeddable":true,"href":"http:\/\/fmdelpueblo.ar\/index.php?rest_route=%2Fwp%2Fv2%2Fcategories&post=50905"},{"taxonomy":"post_tag","embeddable":true,"href":"http:\/\/fmdelpueblo.ar\/index.php?rest_route=%2Fwp%2Fv2%2Ftags&post=50905"}],"curies":[{"name":"wp","href":"https:\/\/api.w.org\/{rel}","templated":true}]}}