{"id":50904,"date":"2026-09-01T16:09:06","date_gmt":"2026-09-01T19:09:06","guid":{"rendered":"https:\/\/fmdelpueblo.ar\/?p=50904"},"modified":"2026-09-01T16:09:06","modified_gmt":"2026-09-01T19:09:06","slug":"netanyahu-se-reune-con-los-embajadores-de-ee-uu-para-israel-y-el-libano-en-jerusalen","status":"publish","type":"post","link":"http:\/\/fmdelpueblo.ar\/?p=50904","title":{"rendered":"Netanyahu se re\u00fane con los embajadores de EE.UU. para Israel y el L\u00edbano en Jerusal\u00e9n"},"content":{"rendered":"<p>Netanyahu se reuni\u00f3 con embajadores de EE.UU. en un contexto de tensi\u00f3n creciente en el sur del L\u00edbano, pese a esfuerzos diplom\u00e1ticos.ONU advierte sobre la fragilidad en la regi\u00f3n tras ataques israel\u00edes y llama a cumplir la resoluci\u00f3n 1701 para reducir tensiones.<\/p>","protected":false},"excerpt":{"rendered":"<p>Netanyahu se reuni\u00f3 con embajadores de EE.UU. en un contexto de tensi\u00f3n creciente en el sur del L\u00edbano, pese a esfuerzos diplom\u00e1ticos.ONU advierte sobre la fragilidad en la regi\u00f3n tras ataques israel\u00edes y llama a cumplir la resoluci\u00f3n 1701 para reducir tensiones.<\/p>\n","protected":false},"author":0,"featured_media":0,"comment_status":"","ping_status":"","sticky":false,"template":"","format":"standard","meta":{"footnotes":""},"categories":[1],"tags":[],"class_list":["post-50904","post","type-post","status-publish","format-standard","has-post-thumbnail","hentry","category-sin-categoria"],"_links":{"self":[{"href":"http:\/\/fmdelpueblo.ar\/index.php?rest_route=\/wp\/v2\/posts\/50904","targetHints":{"allow":["GET"]}}],"collection":[{"href":"http:\/\/fmdelpueblo.ar\/index.php?rest_route=\/wp\/v2\/posts"}],"about":[{"href":"http:\/\/fmdelpueblo.ar\/index.php?rest_route=\/wp\/v2\/types\/post"}],"replies":[{"embeddable":true,"href":"http:\/\/fmdelpueblo.ar\/index.php?rest_route=%2Fwp%2Fv2%2Fcomments&post=50904"}],"version-history":[{"count":0,"href":"http:\/\/fmdelpueblo.ar\/index.php?rest_route=\/wp\/v2\/posts\/50904\/revisions"}],"wp:attachment":[{"href":"http:\/\/fmdelpueblo.ar\/index.php?rest_route=%2Fwp%2Fv2%2Fmedia&parent=50904"}],"wp:term":[{"taxonomy":"category","embeddable":true,"href":"http:\/\/fmdelpueblo.ar\/index.php?rest_route=%2Fwp%2Fv2%2Fcategories&post=50904"},{"taxonomy":"post_tag","embeddable":true,"href":"http:\/\/fmdelpueblo.ar\/index.php?rest_route=%2Fwp%2Fv2%2Ftags&post=50904"}],"curies":[{"name":"wp","href":"https:\/\/api.w.org\/{rel}","templated":true}]}}