{"id":50901,"date":"2026-09-01T16:09:04","date_gmt":"2026-09-01T19:09:04","guid":{"rendered":"https:\/\/fmdelpueblo.ar\/?p=50901"},"modified":"2026-09-01T16:09:04","modified_gmt":"2026-09-01T19:09:04","slug":"el-principal-aeropuerto-de-venezuela-vuelve-a-operar-tras-la-destruccion-que-dejaron-los-terremotos","status":"publish","type":"post","link":"http:\/\/fmdelpueblo.ar\/?p=50901","title":{"rendered":"El principal aeropuerto de Venezuela vuelve a operar tras la destrucci\u00f3n que dejaron los terremotos"},"content":{"rendered":"<p>La terminal internacional Sim\u00f3n Bol\u00edvar, en Maiquet\u00eda, reanud\u00f3 parcialmente sus vuelos despu\u00e9s de dos meses.Por ahora operar\u00e1 con el 25% de los vuelos, y en los pr\u00f3ximos meses se ir\u00e1n sumando m\u00e1s, a medida que avancen las obras de reparaci\u00f3n.<\/p>","protected":false},"excerpt":{"rendered":"<p>La terminal internacional Sim\u00f3n Bol\u00edvar, en Maiquet\u00eda, reanud\u00f3 parcialmente sus vuelos despu\u00e9s de dos meses.Por ahora operar\u00e1 con el 25% de los vuelos, y en los pr\u00f3ximos meses se ir\u00e1n sumando m\u00e1s, a medida que avancen las obras de reparaci\u00f3n.<\/p>\n","protected":false},"author":0,"featured_media":0,"comment_status":"","ping_status":"","sticky":false,"template":"","format":"standard","meta":{"footnotes":""},"categories":[1],"tags":[],"class_list":["post-50901","post","type-post","status-publish","format-standard","has-post-thumbnail","hentry","category-sin-categoria"],"_links":{"self":[{"href":"http:\/\/fmdelpueblo.ar\/index.php?rest_route=\/wp\/v2\/posts\/50901","targetHints":{"allow":["GET"]}}],"collection":[{"href":"http:\/\/fmdelpueblo.ar\/index.php?rest_route=\/wp\/v2\/posts"}],"about":[{"href":"http:\/\/fmdelpueblo.ar\/index.php?rest_route=\/wp\/v2\/types\/post"}],"replies":[{"embeddable":true,"href":"http:\/\/fmdelpueblo.ar\/index.php?rest_route=%2Fwp%2Fv2%2Fcomments&post=50901"}],"version-history":[{"count":0,"href":"http:\/\/fmdelpueblo.ar\/index.php?rest_route=\/wp\/v2\/posts\/50901\/revisions"}],"wp:attachment":[{"href":"http:\/\/fmdelpueblo.ar\/index.php?rest_route=%2Fwp%2Fv2%2Fmedia&parent=50901"}],"wp:term":[{"taxonomy":"category","embeddable":true,"href":"http:\/\/fmdelpueblo.ar\/index.php?rest_route=%2Fwp%2Fv2%2Fcategories&post=50901"},{"taxonomy":"post_tag","embeddable":true,"href":"http:\/\/fmdelpueblo.ar\/index.php?rest_route=%2Fwp%2Fv2%2Ftags&post=50901"}],"curies":[{"name":"wp","href":"https:\/\/api.w.org\/{rel}","templated":true}]}}