{"id":50887,"date":"2026-09-01T14:09:03","date_gmt":"2026-09-01T17:09:03","guid":{"rendered":"http:\/\/fmdelpueblo.ar\/?p=50887"},"modified":"2026-09-01T14:09:03","modified_gmt":"2026-09-01T17:09:03","slug":"triste-por-volver-al-trabajo-los-consejos-para-evitar-el-estres-despues-de-unas-vacaciones","status":"publish","type":"post","link":"http:\/\/fmdelpueblo.ar\/?p=50887","title":{"rendered":"\u00bfTriste por volver al trabajo? Los consejos para evitar el estr\u00e9s despu\u00e9s de unas vacaciones"},"content":{"rendered":"<p>Regresar a la oficina despu\u00e9s de un tiempo de descanso a veces puede provocar sensaciones adversas.Algunas estrategias simples ayudan a recuperar el ritmo en la rutina sin perder el buen \u00e1nimo.<\/p>","protected":false},"excerpt":{"rendered":"<p>Regresar a la oficina despu\u00e9s de un tiempo de descanso a veces puede provocar sensaciones adversas.Algunas estrategias simples ayudan a recuperar el ritmo en la rutina sin perder el buen \u00e1nimo.<\/p>\n","protected":false},"author":0,"featured_media":0,"comment_status":"","ping_status":"","sticky":false,"template":"","format":"standard","meta":{"footnotes":""},"categories":[1],"tags":[],"class_list":["post-50887","post","type-post","status-publish","format-standard","has-post-thumbnail","hentry","category-sin-categoria"],"_links":{"self":[{"href":"http:\/\/fmdelpueblo.ar\/index.php?rest_route=\/wp\/v2\/posts\/50887","targetHints":{"allow":["GET"]}}],"collection":[{"href":"http:\/\/fmdelpueblo.ar\/index.php?rest_route=\/wp\/v2\/posts"}],"about":[{"href":"http:\/\/fmdelpueblo.ar\/index.php?rest_route=\/wp\/v2\/types\/post"}],"replies":[{"embeddable":true,"href":"http:\/\/fmdelpueblo.ar\/index.php?rest_route=%2Fwp%2Fv2%2Fcomments&post=50887"}],"version-history":[{"count":0,"href":"http:\/\/fmdelpueblo.ar\/index.php?rest_route=\/wp\/v2\/posts\/50887\/revisions"}],"wp:attachment":[{"href":"http:\/\/fmdelpueblo.ar\/index.php?rest_route=%2Fwp%2Fv2%2Fmedia&parent=50887"}],"wp:term":[{"taxonomy":"category","embeddable":true,"href":"http:\/\/fmdelpueblo.ar\/index.php?rest_route=%2Fwp%2Fv2%2Fcategories&post=50887"},{"taxonomy":"post_tag","embeddable":true,"href":"http:\/\/fmdelpueblo.ar\/index.php?rest_route=%2Fwp%2Fv2%2Ftags&post=50887"}],"curies":[{"name":"wp","href":"https:\/\/api.w.org\/{rel}","templated":true}]}}