{"id":50879,"date":"2026-09-01T14:08:58","date_gmt":"2026-09-01T17:08:58","guid":{"rendered":"http:\/\/fmdelpueblo.ar\/?p=50879"},"modified":"2026-09-01T14:08:58","modified_gmt":"2026-09-01T17:08:58","slug":"la-sindicalista-del-garrahan-apartada-por-el-gobierno-dice-que-seria-inconstitucional-que-la-despidan-me-voy-a-defender-en-la-justicia","status":"publish","type":"post","link":"http:\/\/fmdelpueblo.ar\/?p=50879","title":{"rendered":"La sindicalista del Garrahan apartada por el Gobierno dice que ser\u00eda inconstitucional que la despidan: \u00abMe voy a defender en la Justicia\u00bb"},"content":{"rendered":"<p>Se trata de Norma Lezana, a quien el Ejecutivo Nacional dice haber echado porque no habr\u00eda desarrollado tareas asistenciales durante el 2025.\u00bbVoy a seguir trabajando\u00bb, enfatiz\u00f3 la gremialista, quien hab\u00eda tenido una participaci\u00f3n activa en las distintas protestas dentro del centro asistencial.<\/p>","protected":false},"excerpt":{"rendered":"<p>Se trata de Norma Lezana, a quien el Ejecutivo Nacional dice haber echado porque no habr\u00eda desarrollado tareas asistenciales durante el 2025.\u00bbVoy a seguir trabajando\u00bb, enfatiz\u00f3 la gremialista, quien hab\u00eda tenido una participaci\u00f3n activa en las distintas protestas dentro del centro asistencial.<\/p>\n","protected":false},"author":0,"featured_media":0,"comment_status":"","ping_status":"","sticky":false,"template":"","format":"standard","meta":{"footnotes":""},"categories":[1],"tags":[],"class_list":["post-50879","post","type-post","status-publish","format-standard","has-post-thumbnail","hentry","category-sin-categoria"],"_links":{"self":[{"href":"http:\/\/fmdelpueblo.ar\/index.php?rest_route=\/wp\/v2\/posts\/50879","targetHints":{"allow":["GET"]}}],"collection":[{"href":"http:\/\/fmdelpueblo.ar\/index.php?rest_route=\/wp\/v2\/posts"}],"about":[{"href":"http:\/\/fmdelpueblo.ar\/index.php?rest_route=\/wp\/v2\/types\/post"}],"replies":[{"embeddable":true,"href":"http:\/\/fmdelpueblo.ar\/index.php?rest_route=%2Fwp%2Fv2%2Fcomments&post=50879"}],"version-history":[{"count":0,"href":"http:\/\/fmdelpueblo.ar\/index.php?rest_route=\/wp\/v2\/posts\/50879\/revisions"}],"wp:attachment":[{"href":"http:\/\/fmdelpueblo.ar\/index.php?rest_route=%2Fwp%2Fv2%2Fmedia&parent=50879"}],"wp:term":[{"taxonomy":"category","embeddable":true,"href":"http:\/\/fmdelpueblo.ar\/index.php?rest_route=%2Fwp%2Fv2%2Fcategories&post=50879"},{"taxonomy":"post_tag","embeddable":true,"href":"http:\/\/fmdelpueblo.ar\/index.php?rest_route=%2Fwp%2Fv2%2Ftags&post=50879"}],"curies":[{"name":"wp","href":"https:\/\/api.w.org\/{rel}","templated":true}]}}