{"id":50828,"date":"2026-09-01T08:09:06","date_gmt":"2026-09-01T11:09:06","guid":{"rendered":"http:\/\/fmdelpueblo.ar\/?p=50828"},"modified":"2026-09-01T08:09:06","modified_gmt":"2026-09-01T11:09:06","slug":"cuando-es-hotelga-2026-la-feria-de-hoteleria-y-gastronomia-llega-a-la-rural","status":"publish","type":"post","link":"http:\/\/fmdelpueblo.ar\/?p=50828","title":{"rendered":"Cu\u00e1ndo es Hotelga 2026: la feria de hoteler\u00eda y gastronom\u00eda llega a La Rural"},"content":{"rendered":"<p>El encuentro reunir\u00e1 durante tres jornadas a profesionales de la hoteler\u00eda, la gastronom\u00eda y el turismo.Habr\u00e1 charlas, competencias y propuestas vinculadas con innovaci\u00f3n, tecnolog\u00eda y sustentabilidad.<\/p>","protected":false},"excerpt":{"rendered":"<p>El encuentro reunir\u00e1 durante tres jornadas a profesionales de la hoteler\u00eda, la gastronom\u00eda y el turismo.Habr\u00e1 charlas, competencias y propuestas vinculadas con innovaci\u00f3n, tecnolog\u00eda y sustentabilidad.<\/p>\n","protected":false},"author":0,"featured_media":0,"comment_status":"","ping_status":"","sticky":false,"template":"","format":"standard","meta":{"footnotes":""},"categories":[1],"tags":[],"class_list":["post-50828","post","type-post","status-publish","format-standard","has-post-thumbnail","hentry","category-sin-categoria"],"_links":{"self":[{"href":"http:\/\/fmdelpueblo.ar\/index.php?rest_route=\/wp\/v2\/posts\/50828","targetHints":{"allow":["GET"]}}],"collection":[{"href":"http:\/\/fmdelpueblo.ar\/index.php?rest_route=\/wp\/v2\/posts"}],"about":[{"href":"http:\/\/fmdelpueblo.ar\/index.php?rest_route=\/wp\/v2\/types\/post"}],"replies":[{"embeddable":true,"href":"http:\/\/fmdelpueblo.ar\/index.php?rest_route=%2Fwp%2Fv2%2Fcomments&post=50828"}],"version-history":[{"count":0,"href":"http:\/\/fmdelpueblo.ar\/index.php?rest_route=\/wp\/v2\/posts\/50828\/revisions"}],"wp:attachment":[{"href":"http:\/\/fmdelpueblo.ar\/index.php?rest_route=%2Fwp%2Fv2%2Fmedia&parent=50828"}],"wp:term":[{"taxonomy":"category","embeddable":true,"href":"http:\/\/fmdelpueblo.ar\/index.php?rest_route=%2Fwp%2Fv2%2Fcategories&post=50828"},{"taxonomy":"post_tag","embeddable":true,"href":"http:\/\/fmdelpueblo.ar\/index.php?rest_route=%2Fwp%2Fv2%2Ftags&post=50828"}],"curies":[{"name":"wp","href":"https:\/\/api.w.org\/{rel}","templated":true}]}}