{"id":50821,"date":"2026-09-01T08:09:03","date_gmt":"2026-09-01T11:09:03","guid":{"rendered":"http:\/\/fmdelpueblo.ar\/?p=50821"},"modified":"2026-09-01T08:09:03","modified_gmt":"2026-09-01T11:09:03","slug":"la-entrega-bizarra-un-repartidor-llevo-un-pedido-a-un-entierro-y-sucedio-algo-terrible","status":"publish","type":"post","link":"http:\/\/fmdelpueblo.ar\/?p=50821","title":{"rendered":"La entrega bizarra: un repartidor llev\u00f3 un pedido a un entierro y sucedi\u00f3 algo terrible"},"content":{"rendered":"<p>El repartidor llevaba un ramo de flores.Sucedi\u00f3 en Colombia.<\/p>","protected":false},"excerpt":{"rendered":"<p>El repartidor llevaba un ramo de flores.Sucedi\u00f3 en Colombia.<\/p>\n","protected":false},"author":0,"featured_media":0,"comment_status":"","ping_status":"","sticky":false,"template":"","format":"standard","meta":{"footnotes":""},"categories":[1],"tags":[],"class_list":["post-50821","post","type-post","status-publish","format-standard","has-post-thumbnail","hentry","category-sin-categoria"],"_links":{"self":[{"href":"http:\/\/fmdelpueblo.ar\/index.php?rest_route=\/wp\/v2\/posts\/50821","targetHints":{"allow":["GET"]}}],"collection":[{"href":"http:\/\/fmdelpueblo.ar\/index.php?rest_route=\/wp\/v2\/posts"}],"about":[{"href":"http:\/\/fmdelpueblo.ar\/index.php?rest_route=\/wp\/v2\/types\/post"}],"replies":[{"embeddable":true,"href":"http:\/\/fmdelpueblo.ar\/index.php?rest_route=%2Fwp%2Fv2%2Fcomments&post=50821"}],"version-history":[{"count":0,"href":"http:\/\/fmdelpueblo.ar\/index.php?rest_route=\/wp\/v2\/posts\/50821\/revisions"}],"wp:attachment":[{"href":"http:\/\/fmdelpueblo.ar\/index.php?rest_route=%2Fwp%2Fv2%2Fmedia&parent=50821"}],"wp:term":[{"taxonomy":"category","embeddable":true,"href":"http:\/\/fmdelpueblo.ar\/index.php?rest_route=%2Fwp%2Fv2%2Fcategories&post=50821"},{"taxonomy":"post_tag","embeddable":true,"href":"http:\/\/fmdelpueblo.ar\/index.php?rest_route=%2Fwp%2Fv2%2Ftags&post=50821"}],"curies":[{"name":"wp","href":"https:\/\/api.w.org\/{rel}","templated":true}]}}